{"id":1668,"date":"2026-02-23T03:13:51","date_gmt":"2026-02-23T00:13:51","guid":{"rendered":"https:\/\/www.kirsehirses.com\/?p=1668"},"modified":"2026-02-23T03:13:51","modified_gmt":"2026-02-23T00:13:51","slug":"22-yasindaki-arda-akcakaya-hayatini-kaybetti","status":"publish","type":"post","link":"https:\/\/www.kirsehirses.com\/index.php\/2026\/02\/23\/22-yasindaki-arda-akcakaya-hayatini-kaybetti\/","title":{"rendered":"22 Ya\u015f\u0131ndaki Arda Ak\u00e7akaya Hayat\u0131n\u0131 Kaybetti"},"content":{"rendered":"<p><strong>22 Ya\u015f\u0131ndaki Arda Ak\u00e7akaya Hayat\u0131n\u0131 Kaybetti<\/strong><\/p>\n<p>Merkeze ba\u011fl\u0131 Ya\u011fmurlu B\u00fcy\u00fckoba k\u00f6y\u00fc n\u00fcfusuna kay\u0131tl\u0131 Yakup o\u011flu Arda Ak\u00e7akaya hayat\u0131n\u0131 kaybetti.<\/p>\n<p>22 ya\u015f\u0131ndaki Arda Ak\u00e7akaya bir s\u00fcre \u00f6nce motosikletle ge\u00e7irdi\u011fi trafik kazas\u0131n\u0131n ard\u0131ndan tedavi alt\u0131na al\u0131nm\u0131\u015ft\u0131.<br \/>\nGen\u00e7 ya\u015fta gelen ac\u0131 haber, ailesini ve sevenlerini yasa bo\u011fdu.<\/p>\n<p>Arda Ak\u00e7akaya\u2019n\u0131n cenazesi, 22 \u015eubat Pazar g\u00fcn\u00fc (yar\u0131n) \u00f6\u011fle namaz\u0131na m\u00fcteakip Ali \u00c7am Camii\u2019nden k\u0131l\u0131nacak cenaze namaz\u0131n\u0131n ard\u0131ndan Ba\u011fba\u015f\u0131 Mezarl\u0131\u011f\u0131\u2019nda topra\u011fa verilecek.<\/p>\n<p>K\u0131r\u015fehir Ses Haber olarak merhuma Allah\u2019tan rahmet, ailesi ve yak\u0131nlar\u0131na ba\u015fsa\u011fl\u0131\u011f\u0131 diliyoruz.<\/p>\n","protected":false},"excerpt":{"rendered":"<p>22 Ya\u015f\u0131ndaki Arda Ak\u00e7akaya Hayat\u0131n\u0131 Kaybetti Merkeze ba\u011fl\u0131 Ya\u011fmurlu B\u00fcy\u00fckoba k\u00f6y\u00fc n\u00fcfusuna kay\u0131tl\u0131 Yakup o\u011flu Arda Ak\u00e7akaya hayat\u0131n\u0131 kaybetti. 22 ya\u015f\u0131ndaki Arda Ak\u00e7akaya bir s\u00fcre \u00f6nce motosikletle ge\u00e7irdi\u011fi trafik kazas\u0131n\u0131n ard\u0131ndan tedavi alt\u0131na al\u0131nm\u0131\u015ft\u0131. Gen\u00e7 ya\u015fta gelen ac\u0131 haber, ailesini ve sevenlerini yasa bo\u011fdu. Arda Ak\u00e7akaya\u2019n\u0131n cenazesi, 22 \u015eubat Pazar g\u00fcn\u00fc (yar\u0131n) \u00f6\u011fle namaz\u0131na m\u00fcteakip [&hellip;]<\/p>\n","protected":false},"author":1,"featured_media":1669,"comment_status":"open","ping_status":"open","sticky":false,"template":"","format":"standard","meta":{"footnotes":""},"categories":[8],"tags":[],"class_list":["post-1668","post","type-post","status-publish","format-standard","has-post-thumbnail","hentry","category-kirsehir"],"_links":{"self":[{"href":"https:\/\/www.kirsehirses.com\/index.php\/wp-json\/wp\/v2\/posts\/1668","targetHints":{"allow":["GET"]}}],"collection":[{"href":"https:\/\/www.kirsehirses.com\/index.php\/wp-json\/wp\/v2\/posts"}],"about":[{"href":"https:\/\/www.kirsehirses.com\/index.php\/wp-json\/wp\/v2\/types\/post"}],"author":[{"embeddable":true,"href":"https:\/\/www.kirsehirses.com\/index.php\/wp-json\/wp\/v2\/users\/1"}],"replies":[{"embeddable":true,"href":"https:\/\/www.kirsehirses.com\/index.php\/wp-json\/wp\/v2\/comments?post=1668"}],"version-history":[{"count":1,"href":"https:\/\/www.kirsehirses.com\/index.php\/wp-json\/wp\/v2\/posts\/1668\/revisions"}],"predecessor-version":[{"id":1670,"href":"https:\/\/www.kirsehirses.com\/index.php\/wp-json\/wp\/v2\/posts\/1668\/revisions\/1670"}],"wp:featuredmedia":[{"embeddable":true,"href":"https:\/\/www.kirsehirses.com\/index.php\/wp-json\/wp\/v2\/media\/1669"}],"wp:attachment":[{"href":"https:\/\/www.kirsehirses.com\/index.php\/wp-json\/wp\/v2\/media?parent=1668"}],"wp:term":[{"taxonomy":"category","embeddable":true,"href":"https:\/\/www.kirsehirses.com\/index.php\/wp-json\/wp\/v2\/categories?post=1668"},{"taxonomy":"post_tag","embeddable":true,"href":"https:\/\/www.kirsehirses.com\/index.php\/wp-json\/wp\/v2\/tags?post=1668"}],"curies":[{"name":"wp","href":"https:\/\/api.w.org\/{rel}","templated":true}]}}