{"id":1674,"date":"2026-02-23T03:17:22","date_gmt":"2026-02-23T00:17:22","guid":{"rendered":"https:\/\/www.kirsehirses.com\/?p=1674"},"modified":"2026-02-23T03:17:22","modified_gmt":"2026-02-23T00:17:22","slug":"pastaci-adem-hayatini-kaybetti","status":"publish","type":"post","link":"https:\/\/www.kirsehirses.com\/index.php\/2026\/02\/23\/pastaci-adem-hayatini-kaybetti\/","title":{"rendered":"Pastac\u0131 Adem Hayat\u0131n\u0131 Kaybetti"},"content":{"rendered":"<p><strong>Pastac\u0131 Adem Hayat\u0131n\u0131 Kaybetti<\/strong><\/p>\n<p>K\u0131r\u015fehir\u2019in k\u00f6kl\u00fc i\u015fletmelerinden Birtat Pastanesi\u2019nin sahibi, \u00dczeyir Y\u0131lmaz\u2019\u0131n o\u011flu Adem Y\u0131lmaz vefat etti. Uzun \u00c7ar\u015f\u0131 esnaflar\u0131ndan olan ve kentte \u201cPastac\u0131 Adem\u201d olarak tan\u0131nan Y\u0131lmaz, 62 ya\u015f\u0131ndayd\u0131.<\/p>\n<p>Evli ve iki \u00e7ocuk babas\u0131 olan Adem Y\u0131lmaz, bir s\u00fcredir yakaland\u0131\u011f\u0131 amans\u0131z hastal\u0131k nedeniyle tedavi g\u00f6r\u00fcyordu. K\u0131r\u015fehir\u2019de Ahi helvas\u0131 gelene\u011fini ya\u015fatan isimlerden biri olarak bilinen Y\u0131lmaz, k\u0131sa s\u00fcre \u00f6nce TRT Belgesel ekranlar\u0131nda Ahi helvas\u0131n\u0131n yap\u0131m\u0131n\u0131 anlatarak bu k\u00fclt\u00fcrel mirasa katk\u0131 sunmu\u015ftu.<\/p>\n<p>Cenazesi, 22 \u015eubat 2026 tarihinde (yar\u0131n) K\u0131r\u015fehir Ali \u00c7am Camii\u2019nde \u00f6\u011fle namaz\u0131na m\u00fcteakip k\u0131l\u0131nacak cenaze namaz\u0131n\u0131n ard\u0131ndan Asri Mezarl\u0131\u011f\u0131\u2019nda topra\u011fa verilecektir.<\/p>\n<p>K\u0131r\u015fehir Ses Haber olarak merhuma Allah\u2019tan rahmet; ailesine, yak\u0131nlar\u0131na ve K\u0131r\u015fehir esnaf camias\u0131na ba\u015fsa\u011fl\u0131\u011f\u0131 dileriz.<\/p>\n","protected":false},"excerpt":{"rendered":"<p>Pastac\u0131 Adem Hayat\u0131n\u0131 Kaybetti K\u0131r\u015fehir\u2019in k\u00f6kl\u00fc i\u015fletmelerinden Birtat Pastanesi\u2019nin sahibi, \u00dczeyir Y\u0131lmaz\u2019\u0131n o\u011flu Adem Y\u0131lmaz vefat etti. Uzun \u00c7ar\u015f\u0131 esnaflar\u0131ndan olan ve kentte \u201cPastac\u0131 Adem\u201d olarak tan\u0131nan Y\u0131lmaz, 62 ya\u015f\u0131ndayd\u0131. Evli ve iki \u00e7ocuk babas\u0131 olan Adem Y\u0131lmaz, bir s\u00fcredir yakaland\u0131\u011f\u0131 amans\u0131z hastal\u0131k nedeniyle tedavi g\u00f6r\u00fcyordu. K\u0131r\u015fehir\u2019de Ahi helvas\u0131 gelene\u011fini ya\u015fatan isimlerden biri olarak bilinen [&hellip;]<\/p>\n","protected":false},"author":1,"featured_media":1675,"comment_status":"open","ping_status":"open","sticky":false,"template":"","format":"standard","meta":{"footnotes":""},"categories":[8],"tags":[],"class_list":["post-1674","post","type-post","status-publish","format-standard","has-post-thumbnail","hentry","category-kirsehir"],"_links":{"self":[{"href":"https:\/\/www.kirsehirses.com\/index.php\/wp-json\/wp\/v2\/posts\/1674","targetHints":{"allow":["GET"]}}],"collection":[{"href":"https:\/\/www.kirsehirses.com\/index.php\/wp-json\/wp\/v2\/posts"}],"about":[{"href":"https:\/\/www.kirsehirses.com\/index.php\/wp-json\/wp\/v2\/types\/post"}],"author":[{"embeddable":true,"href":"https:\/\/www.kirsehirses.com\/index.php\/wp-json\/wp\/v2\/users\/1"}],"replies":[{"embeddable":true,"href":"https:\/\/www.kirsehirses.com\/index.php\/wp-json\/wp\/v2\/comments?post=1674"}],"version-history":[{"count":1,"href":"https:\/\/www.kirsehirses.com\/index.php\/wp-json\/wp\/v2\/posts\/1674\/revisions"}],"predecessor-version":[{"id":1676,"href":"https:\/\/www.kirsehirses.com\/index.php\/wp-json\/wp\/v2\/posts\/1674\/revisions\/1676"}],"wp:featuredmedia":[{"embeddable":true,"href":"https:\/\/www.kirsehirses.com\/index.php\/wp-json\/wp\/v2\/media\/1675"}],"wp:attachment":[{"href":"https:\/\/www.kirsehirses.com\/index.php\/wp-json\/wp\/v2\/media?parent=1674"}],"wp:term":[{"taxonomy":"category","embeddable":true,"href":"https:\/\/www.kirsehirses.com\/index.php\/wp-json\/wp\/v2\/categories?post=1674"},{"taxonomy":"post_tag","embeddable":true,"href":"https:\/\/www.kirsehirses.com\/index.php\/wp-json\/wp\/v2\/tags?post=1674"}],"curies":[{"name":"wp","href":"https:\/\/api.w.org\/{rel}","templated":true}]}}