{"id":1687,"date":"2026-02-24T04:13:32","date_gmt":"2026-02-24T01:13:32","guid":{"rendered":"https:\/\/www.kirsehirses.com\/?p=1687"},"modified":"2026-02-24T04:13:32","modified_gmt":"2026-02-24T01:13:32","slug":"vergi-haftasi-basladi","status":"publish","type":"post","link":"https:\/\/www.kirsehirses.com\/index.php\/2026\/02\/24\/vergi-haftasi-basladi\/","title":{"rendered":"Vergi Haftas\u0131 Ba\u015flad\u0131"},"content":{"rendered":"<p><strong>Vergi Haftas\u0131 Ba\u015flad\u0131<\/strong><\/p>\n<p>Bu y\u0131l 23 \u015eubat\u201301 Mart tarihleri aras\u0131nda 37\u2019ncisi kutlanan Vergi Haftas\u0131 ba\u015flad\u0131.<\/p>\n<p>Cacabey Meydan\u0131nda Atat\u00fcrk An\u0131t\u0131na \u00c7elenk Sunma t\u00f6reni ile ba\u015flayan etkinlikler<br \/>\nkapsam\u0131nda, \u0130l Defterdar\u0131 \u0130smail Bilici \u00f6nc\u00fcl\u00fc\u011f\u00fcndeki heyet, K\u0131r\u015fehir Valisi Murat Sefa Demiry\u00fcrek\u2019i makam\u0131nda ziyaret etti.<\/p>\n<p>Ger\u00e7ekle\u015fen ziyarette, Vergi Haftas\u0131 etkinlikleri hakk\u0131nda bilgi verilirken, K\u0131r\u015fehir genelinde y\u00fcr\u00fct\u00fclen vergi \u00e7al\u0131\u015fmalar\u0131 ve m\u00fckellef hizmetlerine ili\u015fkin de\u011ferlendirmelerde bulunuldu. \u0130l Defterdar\u0131 Bilici, vergi bilincinin art\u0131r\u0131lmas\u0131 ve kay\u0131t d\u0131\u015f\u0131 ekonomiyle m\u00fccadele kapsam\u0131nda y\u00fcr\u00fct\u00fclen faaliyetleri aktard\u0131.<\/p>\n<p>Vali Demiry\u00fcrek ise kamu hizmetlerinin s\u00fcrd\u00fcr\u00fclebilirli\u011finde verginin \u00f6nemine dikkat \u00e7ekerek, \u00f6zverili \u00e7al\u0131\u015fmalar\u0131ndan dolay\u0131 Defterdarl\u0131k personeline te\u015fekk\u00fcr etti.<\/p>\n<p>K\u0131r\u015fehir\u2019de Vergi Haftas\u0131 boyunca \u00e7e\u015fitli bilgilendirme ve fark\u0131ndal\u0131k etkinliklerinin devam edece\u011fi bildirildi.<\/p>\n","protected":false},"excerpt":{"rendered":"<p>Vergi Haftas\u0131 Ba\u015flad\u0131 Bu y\u0131l 23 \u015eubat\u201301 Mart tarihleri aras\u0131nda 37\u2019ncisi kutlanan Vergi Haftas\u0131 ba\u015flad\u0131. Cacabey Meydan\u0131nda Atat\u00fcrk An\u0131t\u0131na \u00c7elenk Sunma t\u00f6reni ile ba\u015flayan etkinlikler kapsam\u0131nda, \u0130l Defterdar\u0131 \u0130smail Bilici \u00f6nc\u00fcl\u00fc\u011f\u00fcndeki heyet, K\u0131r\u015fehir Valisi Murat Sefa Demiry\u00fcrek\u2019i makam\u0131nda ziyaret etti. Ger\u00e7ekle\u015fen ziyarette, Vergi Haftas\u0131 etkinlikleri hakk\u0131nda bilgi verilirken, K\u0131r\u015fehir genelinde y\u00fcr\u00fct\u00fclen vergi \u00e7al\u0131\u015fmalar\u0131 ve m\u00fckellef [&hellip;]<\/p>\n","protected":false},"author":1,"featured_media":1688,"comment_status":"open","ping_status":"open","sticky":false,"template":"","format":"standard","meta":{"footnotes":""},"categories":[5,8],"tags":[],"class_list":["post-1687","post","type-post","status-publish","format-standard","has-post-thumbnail","hentry","category-gundem","category-kirsehir"],"_links":{"self":[{"href":"https:\/\/www.kirsehirses.com\/index.php\/wp-json\/wp\/v2\/posts\/1687","targetHints":{"allow":["GET"]}}],"collection":[{"href":"https:\/\/www.kirsehirses.com\/index.php\/wp-json\/wp\/v2\/posts"}],"about":[{"href":"https:\/\/www.kirsehirses.com\/index.php\/wp-json\/wp\/v2\/types\/post"}],"author":[{"embeddable":true,"href":"https:\/\/www.kirsehirses.com\/index.php\/wp-json\/wp\/v2\/users\/1"}],"replies":[{"embeddable":true,"href":"https:\/\/www.kirsehirses.com\/index.php\/wp-json\/wp\/v2\/comments?post=1687"}],"version-history":[{"count":1,"href":"https:\/\/www.kirsehirses.com\/index.php\/wp-json\/wp\/v2\/posts\/1687\/revisions"}],"predecessor-version":[{"id":1689,"href":"https:\/\/www.kirsehirses.com\/index.php\/wp-json\/wp\/v2\/posts\/1687\/revisions\/1689"}],"wp:featuredmedia":[{"embeddable":true,"href":"https:\/\/www.kirsehirses.com\/index.php\/wp-json\/wp\/v2\/media\/1688"}],"wp:attachment":[{"href":"https:\/\/www.kirsehirses.com\/index.php\/wp-json\/wp\/v2\/media?parent=1687"}],"wp:term":[{"taxonomy":"category","embeddable":true,"href":"https:\/\/www.kirsehirses.com\/index.php\/wp-json\/wp\/v2\/categories?post=1687"},{"taxonomy":"post_tag","embeddable":true,"href":"https:\/\/www.kirsehirses.com\/index.php\/wp-json\/wp\/v2\/tags?post=1687"}],"curies":[{"name":"wp","href":"https:\/\/api.w.org\/{rel}","templated":true}]}}