{"id":1690,"date":"2026-02-24T04:19:36","date_gmt":"2026-02-24T01:19:36","guid":{"rendered":"https:\/\/www.kirsehirses.com\/?p=1690"},"modified":"2026-02-24T04:19:36","modified_gmt":"2026-02-24T01:19:36","slug":"bir-sehre-ve-ahilige-adanan-hayat-ahi-baba-mustafa-karagullu-3","status":"publish","type":"post","link":"https:\/\/www.kirsehirses.com\/index.php\/2026\/02\/24\/bir-sehre-ve-ahilige-adanan-hayat-ahi-baba-mustafa-karagullu-3\/","title":{"rendered":"Bir \u015eehre ve Ahili\u011fe Adanan Hayat: Ahi Baba Mustafa Karag\u00fcll\u00fc &#8211; 3"},"content":{"rendered":"<p><b>Bir \u015eehre ve Ahili\u011fe Adanan Hayat: Ahi Baba Mustafa Karag\u00fcll\u00fc -3-<\/b><\/p>\n<p>Ben Mustafa Karag\u00fcll\u00fc\u2019y\u00fc, 1986 y\u0131l\u0131nda Ahilik Haftas\u0131 haz\u0131rl\u0131k toplant\u0131s\u0131nda tan\u0131d\u0131m. Esnaf Birli\u011fi Ba\u015fkan\u0131 olarak uzaktan tan\u0131d\u0131\u011f\u0131m bu beyefendi, o d\u00f6nem Ankara Caddesi\u2019nde bulunan ve muhabir olarak \u00e7al\u0131\u015ft\u0131\u011f\u0131m T\u00fcrkiye Gazetesi b\u00fcromuza gelerek kendisini tan\u0131tt\u0131 ve beni toplant\u0131ya davet etti. Ak\u015fam, bir arkada\u015f\u0131mla birlikte, \u015fimdi Celal Kaya\u2019ya ait Aspava Lokantas\u0131\u2019n\u0131n hemen yan\u0131nda, ikinci katta bulunan ESOB binas\u0131na gittik. \u015eehrin y\u00f6netim kademesinde bulunan \u00e7ok say\u0131da insan toplant\u0131ya kat\u0131l\u0131yordu. Karag\u00fcll\u00fc\u2019deki Ahilik a\u015fk\u0131, y\u00fcz\u00fcnden ve her zaman oldu\u011fu gibi son derece g\u00fczel ve ak\u0131c\u0131 konu\u015fmas\u0131ndan belli oluyordu.<\/p>\n<p>Karag\u00fcll\u00fc ile tan\u0131\u015f\u0131kl\u0131\u011f\u0131m\u0131z b\u00f6yle ba\u015flad\u0131 ve \u0130l Bas\u0131n ve Halkla \u0130li\u015fkiler M\u00fcd\u00fcrl\u00fc\u011f\u00fc g\u00f6revine ba\u015flamamdan sonra dostlu\u011fumuz her ge\u00e7en g\u00fcn ilerledi. Merhum Karag\u00fcll\u00fc, Askerlik \u015eubesi civar\u0131nda bulunan evinden her g\u00fcn ayn\u0131 saatte \u00e7\u0131kar ve genellikle yaya olarak ba\u015fkanl\u0131\u011f\u0131n\u0131 yapt\u0131\u011f\u0131 esnaf te\u015fkilat\u0131na ya da Ahi \u00c7ar\u015f\u0131s\u0131\u2019n\u0131n \u00fc\u00e7\u00fcnc\u00fc kat\u0131ndaki b\u00fcrosuna giderdi. Haftada en az bir kere de valili\u011fe gelir, beni ziyaret eder; K\u0131r\u015fehir ile ilgili yat\u0131r\u0131mlar\u0131 ve programlar\u0131 sorar veya kendisinden yard\u0131m isteyen bir vatanda\u015f\u0131n talebini iletirdi. Bazen de bir konuyla ilgili, \u201cVali beyefendi bu konuda ne d\u00fc\u015f\u00fcn\u00fcyor?\u201d diye sorard\u0131. Bildi\u011fim konu ise cevaplar, yoksa Valilerimizden d\u00fc\u015f\u00fcncesini sorar, bir sonraki ziyaretinde kendisine bilgi verirdim.<\/p>\n<p>Bazen, \u201cAhi Baba, Vali bey m\u00fcsait, buyurun g\u00f6r\u00fc\u015ft\u00fcrelim.\u201d derdim. \u0130stedi\u011fi zaman ola\u011fan\u00fcst\u00fc bir durum yoksa randevusuz g\u00f6r\u00fc\u015fme imk\u00e2n\u0131 olan Karag\u00fcll\u00fc, \u00e7ok \u00f6nemli bir konu olmazsa g\u00f6r\u00fc\u015fmek istemez, \u201cVali beyefendi bu i\u015flerle me\u015fgul edilmez. Hem her \u015feyi Vali beyefendiye ileteceksem sen niye bu koltukta oturuyorsun?\u201d diye latife ederdi.<\/p>\n<p>Kendisiyle \u00e7ok an\u0131m\u0131z var; merhum Karag\u00fcll\u00fc\u2019n\u00fcn \u201cDamak Atma\u201d ziyafetleri olurdu. Zaman zaman baz\u0131 Valilerimizle bu ziyafetlere bende kat\u0131l\u0131rd\u0131m. Gazeteci \u015eevket G\u00fcner\u2019in de m\u00fcdavimi oldu\u011fu bu ziyafetlerde Karag\u00fcll\u00fc, ge\u00e7mi\u015fe dair \u00e7ok an\u0131s\u0131n\u0131 anlat\u0131rd\u0131. Ama ben bunlara de\u011finmeden\u00a0 birka\u00e7 hat\u0131ram\u0131 anlatarak bu b\u00f6l\u00fcm\u00fc bitirmek istiyorum.<\/p>\n<p>1998 y\u0131l\u0131nda Cumhurba\u015fkan\u0131 S\u00fcleyman Demirel\u2019i Ahilik kutlamalar\u0131na davet etmek amac\u0131yla bir heyet h\u00e2linde \u00c7ankaya K\u00f6\u015fk\u00fc\u2019ne gitmi\u015ftik. Heyette d\u00f6nemin Devlet Bakan\u0131 Ramazan Mirzao\u011flu, Valimiz M. \u0130rfan Kurucu, K\u0131r\u015fehir Milletvekilleri Mustafa Hayk\u0131r ve Fikret Tecer, Belediye Ba\u015fkan\u0131 Metin \u00c7obano\u011flu, il\u00e7e ve o d\u00f6nemde belde stat\u00fcs\u00fc devam eden kasaba belediye ba\u015fkanlar\u0131, STK ba\u015fkanlar\u0131 olmak \u00fczere yakla\u015f\u0131k 45 ki\u015filik bir heyet vard\u0131. Cumhurba\u015fkan\u0131 S\u00fcleyman Demirel, Valimizin de hem\u015ferisi olmas\u0131ndan kaynakl\u0131 olsa gerek, heyetimize \u00e7ok yak\u0131n ilgi g\u00f6sterdi.<\/p>\n<p>Bir ara heyetle konu\u015furken, U \u015feklindeki kabul masas\u0131n\u0131n orta s\u0131ralar\u0131nda oturan Ahi Baba\u2019ya, \u201cSay\u0131n Karag\u00fcll\u00fc, nas\u0131ls\u0131n, niye konu\u015fmuyorsun?\u201d dedi. Karag\u00fcll\u00fc, nazik ve g\u00fczel bir konu\u015fma ile birka\u00e7 c\u00fcmle s\u00f6yledikten sonra, \u201cEfendim, ben konu\u015fma hakk\u0131m\u0131 sizi K\u0131r\u015fehir\u2019de a\u011f\u0131rlayaca\u011f\u0131m\u0131z g\u00fcne sakl\u0131yorum.\u201d minvalinde k\u0131sa bir konu\u015fma yapt\u0131.<\/p>\n<p>Cumhurba\u015fkan\u0131 Demirel, 1998 y\u0131l\u0131n\u0131n Ahilik kutlamalar\u0131n\u0131 onurland\u0131ran ilk Cumhurba\u015fkan\u0131 olarak K\u0131r\u015fehir\u2019e geldi. Cumhuriyet\u2019in 75. y\u0131l\u0131 nedeniyle Valilik\u00e7e yapt\u0131r\u0131lan Atat\u00fcrk An\u0131t\u0131\u2019n\u0131, eski terminalin yan\u0131 ba\u015f\u0131nda belediyenin yapt\u0131rd\u0131\u011f\u0131 Dost Bah\u00e7e\u2019yi ve i\u00e7erisinde bulunan Ahi Evran-\u0131 Veli, Hac\u0131 Bekta\u015f-\u0131 Veli ve Yunus Emre\u2019nin birlikte yer ald\u0131\u011f\u0131 \u00dc\u00e7 Alperen An\u0131t\u0131\u2019n\u0131n a\u00e7\u0131l\u0131\u015f t\u00f6renlerine kat\u0131ld\u0131. Hatta \u00c7ankaya K\u00f6\u015fk\u00fc bah\u00e7esine konulmak \u00fczere bu an\u0131t\u0131n k\u00fc\u00e7\u00fck bir maketini de Metin \u00c7obano\u011flu\u2019ndan istedi.<\/p>\n<p>K\u0131r\u015fehir\u2019de Karag\u00fcll\u00fc, Say\u0131n Demirel ile konu\u015ftu mu? Bilmiyorum ama Say\u0131n Cumhurba\u015fkan\u0131\u2019n\u0131n Karag\u00fcll\u00fc\u2019y\u00fc tan\u0131d\u0131\u011f\u0131n\u0131 b\u00f6ylece anlam\u0131\u015f olduk.<\/p>\n<p>Yine merhum Karag\u00fcll\u00fc ile g\u00fczel bir hat\u0131ray\u0131 T\u00fcrkiye B\u00fcy\u00fck Millet Meclisi\u2019nde ya\u015fad\u0131k. TBMM\u2019de Yap\u0131 ve Sosyal \u0130\u015fler M\u00fcd\u00fcr Yard\u0131mc\u0131s\u0131 olarak g\u00f6rev yapan, memleket sevdal\u0131s\u0131 Mucurlu hem\u015ferimiz Mustafa K\u00f6ksal beni arayarak, \u201cEtik Haftas\u0131\u201d vesilesiyle TBMM\u2019de \u201cAhilik ve Etik \u0130lkeleri\u201d konulu bir panel d\u00fczenlemek istiyoruz, deste\u011fini bekliyorum\u201d dedi. Yapt\u0131\u011f\u0131m\u0131z g\u00f6r\u00fc\u015fmeler neticesinde merhum Karag\u00fcll\u00fc, ben ve o d\u00f6nemde ayn\u0131 zamanda Ahi Evran \u00dcniversitesi Ahilik Ara\u015ft\u0131rma Merkezi M\u00fcd\u00fcr\u00fc olan tarih\u00e7i Kaz\u0131m Ceylan hoca ile birlikte\u00a0 paneli ger\u00e7ekle\u015ftirmeye karar verdik.<\/p>\n<p>4 Haziran 2014 tarihinde Valili\u011fimizin tahsis etti\u011fi bir ara\u00e7la Ankara\u2019ya gittik. TBMM\u2019ye Protokol (\u00c7ankaya) Kap\u0131s\u0131\u2019ndan girecektik ama \u00e7ok kuvvetli bir ya\u011fmur ya\u011f\u0131yordu. Giri\u015fteki g\u00f6revlilerin gelece\u011fimizden bilgisi vard\u0131 ancak herkesin ara\u00e7tan inip g\u00fcvenlik kontrol\u00fcnden ge\u00e7mesi ve giri\u015f kart\u0131 almas\u0131 gerekiyordu. Benim serbest giri\u015f kart\u0131m vard\u0131, onu g\u00f6sterip ara\u00e7tan inmedim; ama mesafe \u00e7ok k\u0131sa da olsa yo\u011fun ya\u011fmurda Karag\u00fcll\u00fc\u2019n\u00fcn inmesine de g\u00f6nl\u00fcm raz\u0131 gelmedi. Bana \u201ctamam\u201d diyen g\u00f6revli, Karag\u00fcll\u00fc\u2019ye \u201cBeyefendi, sizi de g\u00fcvenlik odas\u0131na alal\u0131m\u201d deyince ben s\u00f6ze girdim. \u201cYa\u011fmurlu havada Ahi Baba inmesin, kimlik kart\u0131n\u0131 verelim, siz de giri\u015f kart\u0131n\u0131 getirin\u201d dedim. Kart\u0131 getiren g\u00f6revli zannederim hem Ahili\u011fi biliyor hem de Karag\u00fcll\u00fc\u2019n\u00fcn ya\u015f\u0131na ve duydu\u011fu Ahi Baba unvan\u0131na h\u00fcrmeten elini \u00f6pmek istedi. Karag\u00fcll\u00fc, g\u00f6revlinin \u0131srar\u0131na ra\u011fmen elini \u00f6pt\u00fcrmedi ve her f\u0131rsatta s\u00f6yledi\u011fi gibi, \u201c\u00d6pme evlad\u0131m, ben daha 39 ya\u015f\u0131nday\u0131m\u201d dedi.<\/p>\n<p>Ba\u015fta hem\u015ferimiz Mustafa K\u00f6ksal olmak \u00fczere TBMM g\u00f6revlileri ile birlikte yeme\u011fe ge\u00e7tik. Her zaman \u00e7ok konu\u015fmayan Karag\u00fcll\u00fc, \u00e7ok g\u00fczel T\u00fcrk\u00e7esi ile adeta \u015fak\u0131yordu. Dedim ki: \u201cAhi Baba, iki defa denemene ra\u011fmen \u2014aday oldu\u011fu iki se\u00e7imi kastederek\u2014 konu\u015famad\u0131\u011f\u0131n Meclis\u2019te biraz sonra benim sayemde istedi\u011fin kadar konu\u015facaks\u0131n\u201d diye tak\u0131ld\u0131m. G\u00fcld\u00fc ve burada yazmak istemedi\u011fim, her zaman kulland\u0131\u011f\u0131 bir kelime ile bana cevap verdi.<\/p>\n<p>Daha sonra, zannederim o zaman MHP Grup Salonu olarak kullan\u0131lan salonda olduk\u00e7a iyi kat\u0131l\u0131ml\u0131 ve g\u00fczel bir panel ger\u00e7ekle\u015ftirdik. Ahi Baba, o g\u00fczel ve ak\u0131c\u0131 konu\u015fmas\u0131 ile 20 dakika kadar Ahili\u011fi anlatt\u0131. Ben k\u0131sa bir K\u0131r\u015fehir tan\u0131t\u0131m\u0131 yaparak ard\u0131ndan \u201cAhilik ve Etik \u0130lkeleri Aras\u0131ndaki Benzerlikler\u201d konusunda sunum yapt\u0131m. Kaz\u0131m Ceylan hocam da Ahilik konusunda ilgi ile dinlenen bir konu\u015fma yapt\u0131. Giderken yan\u0131m\u0131zda g\u00f6t\u00fcrd\u00fc\u011f\u00fcm\u00fcz Ahi helvas\u0131, ceviz i\u00e7i\u00a0 gibi yiyeceklere TBMM g\u00f6revlilerinin ekledi\u011fi i\u00e7eceklerle sade bir kokteyl d\u00fczenledik. O d\u00f6nem TBMM Genel Sekreter Yard\u0131mc\u0131s\u0131 olan K\u0131r\u0131kkaleli hem\u015ferimiz Haydar \u00c7ift\u00e7i bizi hi\u00e7 yaln\u0131z b\u0131rakmazken, paneli haber alan hem\u015ferilerimiz de kat\u0131l\u0131m sa\u011flayarak bizlere destek oldular. Panel sonras\u0131 TBMM Genel Sekreteri olan, daha sonra Sudan\/Hartum ve \u015fu anda da Pakistan\/\u0130slamabad\u2019da T\u00fcrkiye Cumhuriyeti B\u00fcy\u00fckel\u00e7isi olarak g\u00f6rev yapan \u0130rfan Neziro\u011flu ile makam\u0131nda Ahilik \u00fczerine bir s\u00fcre sohbet ettikten sonra ayr\u0131ld\u0131k.<\/p>\n<p>Bir ka\u00e7 g\u00fcn sonra Karag\u00fcll\u00fc, sabah erkenden ziyaretime gelmi\u015f odamda beni bekliyordu. Gelirken bana Ahi d\u00fcr\u00fcm\u00fc getirmi\u015fti. Kendisi gitti\u011fi yerde bir\u015fey yiyip i\u00e7mezdi. Hatta i\u015fi uzun de\u011filse oturmazd\u0131 da. Bana \u201cbu d\u00fcr\u00fcm insan\u0131 nazardan korur, ye\u201d diye tembih etti. Konuyu, TBMM\u2019de yapt\u0131\u011f\u0131m\u0131z panelin haz\u0131rlanmas\u0131ndaki gayretime ve TBMM\u2019ye giri\u015fimizde g\u00f6sterdi\u011fim jeste getirerek \u00e7ok bahtiyar oldu\u011funu ifade etti.<\/p>\n<p>Karag\u00fcll\u00fc ile \u00e7ok an\u0131m\u0131z var ama rahmetli ile \u0130stanbul\u2019da kat\u0131ld\u0131\u011f\u0131m\u0131z son EMITT Turizm Fuar\u0131\u2019na da k\u0131saca de\u011finerek bu fasl\u0131 kapatmak istiyorum.<\/p>\n<p>\u0130stanbul\u2019da her y\u0131l Do\u011fu Akdeniz Uluslararas\u0131 Turizm ve Seyahat Fuar\u0131 (EMITT) yap\u0131l\u0131r. K\u0131r\u015fehir Valili\u011fi olarak bu fuara bazen m\u00fcstakil, bazen de K\u0131r\u015fehir Belediyesi ile ortakla\u015fa, de\u011ferli Valimiz Say\u0131n M. L\u00fctfullah Bilgin\u2019in talimat\u0131 \u00fczerine 2007 y\u0131l\u0131ndan itibaren 12 y\u0131l aral\u0131ks\u0131z olarak kat\u0131ld\u0131k. K\u0131r\u015fehir\u2019in tan\u0131t\u0131m\u0131na b\u00fcy\u00fck katk\u0131 sa\u011flad\u0131\u011f\u0131na inand\u0131\u011f\u0131m ve her y\u0131l \u00e7e\u015fitli dallarda \u00f6d\u00fcl alarak d\u00f6nd\u00fc\u011f\u00fcm\u00fcz fuara, 2019 y\u0131l\u0131ndan sonra masraf oluyor diye maalesef bir daha kat\u0131lmama karar\u0131 al\u0131nd\u0131. Zaten ya\u015fanan Covid-19 salg\u0131n\u0131 nedeniyle de ertesi y\u0131l fuar d\u00fczenlenmedi; sonra da K\u0131r\u015fehir fuara hi\u00e7 kat\u0131lmad\u0131. H\u00e2lbuki bu y\u0131l 5-7 \u015eubat 2026 tarihleri aras\u0131nda 29\u2019uncusu d\u00fczenlenen fuar, her y\u0131l yakla\u015f\u0131k 30 bin turizm profesyonelini bir araya getiren \u00f6nemli bir bulu\u015fma noktas\u0131d\u0131r. 2026\u2019da bu fuara 109 \u00fclkeden 656 kurum, 660 tur operat\u00f6r\u00fc kat\u0131ld\u0131. Bu rakamlar\u0131 g\u00f6z \u00f6n\u00fcne al\u0131rsak, etkinli\u011fin \u00f6nemi daha iyi anla\u015f\u0131l\u0131r.<\/p>\n<p>2018 y\u0131l\u0131nda, 25-28 Ocak g\u00fcnleri aras\u0131nda yap\u0131lacak EMITT Fuar\u0131\u2019na t\u00fcm haz\u0131rl\u0131klar\u0131 yaparak ekibi \u0130stanbul\u2019a yolcu ettik. Bizler de o g\u00fcn K\u0131r\u015fehir\u2019de yap\u0131lacak \u00f6nemli bir program nedeniyle bir g\u00fcn sonra gidecektik. \u0130smet abla gelip Ahi Baba ile birlikte fuara gitmek istediklerini s\u00f6yledi. Ge\u00e7mi\u015f y\u0131llarda da birka\u00e7 defa kat\u0131lm\u0131\u015flard\u0131. Ben de ara\u00e7lar\u0131n yola \u00e7\u0131kt\u0131\u011f\u0131n\u0131, bizim de sabah u\u00e7ak ile gidece\u011fimizi s\u00f6yledim. Yap\u0131lan birka\u00e7 g\u00f6r\u00fc\u015fmeden sonra, d\u00f6nemin Belediye Ba\u015fkan\u0131 Ya\u015far Bah\u00e7eci\u2019nin iste\u011fi \u00fczerine Ahi Baba ve \u0130smet ablan\u0131n da fuara gitmeleri kararla\u015ft\u0131r\u0131ld\u0131. O sabah Valilikten ben, belediyeden Halil \u00c7al\u0131\u015f\u0131r ve birka\u00e7 y\u00f6netici, Ahi Baba ve \u0130smet abla ile \u0130stanbul\u2019a gittik.<\/p>\n<p>Ertesi g\u00fcn Ahi Baba gece biraz \u00fc\u015f\u00fcd\u00fc\u011f\u00fcn\u00fc s\u00f6yledi, odas\u0131n\u0131 de\u011fi\u015ftirdik. Y\u0131llard\u0131r fuara kat\u0131ld\u0131\u011f\u0131m\u0131z i\u00e7in turizmciler genelde bizi tan\u0131yordu. Ahi Baba da yan\u0131mda oturuyor, misafirlere Ahilik ve K\u0131r\u015fehir\u2019i anlat\u0131yordu. Renginin biraz soluk oldu\u011funu fark ettim ve sa\u011fl\u0131\u011f\u0131n\u0131 sordum. Bana 1 haftad\u0131r \u00fczerinde biraz k\u0131r\u0131kl\u0131k oldu\u011funu, tebdil-i mekanda ferahl\u0131k var diye \u0130stanbul\u2019a geldi\u011fini s\u00f6yledi. Ahi Baba\u2019n\u0131n rahats\u0131zl\u0131\u011f\u0131 ge\u00e7meyince \u00fc\u00e7\u00fcnc\u00fc g\u00fcn kendisini \u0130smet abla ile birlikte K\u0131r\u015fehir\u2019e d\u00f6nen bir ara\u00e7la yolcu ettik.<\/p>\n<p>Koca \u00e7\u0131nar Ahi Baba, K\u0131r\u015fehir\u2019e d\u00f6nd\u00fckten sonra bazen hastanede yatarak, bazen de evinde tedavi g\u00f6rd\u00fc. Herkes gibi biz de sa\u011fl\u0131\u011f\u0131n\u0131 merak ediyor, yan\u0131 ba\u015f\u0131ndan hi\u00e7 ayr\u0131lmayan \u0130smet abladan bilgi al\u0131yorduk. Zannederim 2 Nisan g\u00fcn\u00fc idi; hastanede ziyaret ettim, bir s\u00fcre sohbet ettik. Ancak o tan\u0131d\u0131\u011f\u0131m\u0131z heybetli Karag\u00fcll\u00fc yoktu. Ben \u0130smet ablaya, \u201cSen biraz nefes al, Ahi Baba\u2019n\u0131n yan\u0131nda ben bir s\u00fcre kal\u0131r\u0131m\u201d dedim. Israrlar\u0131ma ra\u011fmen \u0130smet abla odadan ayr\u0131lmad\u0131. Karag\u00fcll\u00fc de bana, zorlama, gitmez yolunda i\u015faret etti. Tabii kendisiyle helalle\u015femedik ve odadan ayr\u0131ld\u0131m.<\/p>\n<p>Nitekim Ahi Baba, 17 May\u0131s 2018 tarihinde aram\u0131zdan ayr\u0131ld\u0131. 18 May\u0131s g\u00fcn\u00fc \u00f6\u011fle namaz\u0131na m\u00fcteakip Ahi Evran Camisi\u2019nde k\u0131l\u0131nan cenaze namaz\u0131n\u0131n ard\u0131ndan K\u00fcmbetalt\u0131 Mezarl\u0131\u011f\u0131\u2019nda ilk e\u015fi Selvi Han\u0131m\u2019\u0131n yan\u0131na defnedildi. Ard\u0131ndan servet de\u011fil; kurumsalla\u015fm\u0131\u015f esnaf te\u015fkilat\u0131, k\u00f6kle\u015fmi\u015f Ahilik kutlamalar\u0131 ve \u00f6rnek al\u0131nacak bir fedak\u00e2rl\u0131k b\u0131rakt\u0131.<\/p>\n<p>Bug\u00fcn T\u00fcrkiye\u2019de Ahilik\u2019ten s\u00f6z ediyorsak, esnaf\u0131n sesi duyuluyorsa ve d\u00fcnyaya nizam veren bir k\u00fclt\u00fcr h\u00e2l\u00e2 ayaktaysa; bunda Ahi Baba Mustafa Karag\u00fcll\u00fc\u2019n\u00fcn pay\u0131 b\u00fcy\u00fckt\u00fcr. Baz\u0131 insanlar \u00f6l\u00fcr, baz\u0131lar\u0131 ise \u015fehirlerin vicdan\u0131na d\u00f6n\u00fc\u015f\u00fcr. \u0130smet abla bir s\u00fcre sonra \u0130stanbul\u2019a yerle\u015firken, Mustafa Karag\u00fcll\u00fc her y\u0131l esnaf kurulu\u015flar\u0131nca aile fertlerinin de kat\u0131l\u0131m\u0131yla d\u00fczenlenen programlarla K\u0131r\u015fehir\u2019de an\u0131lmakta, K\u0131r\u015fehirlilerin haf\u0131zas\u0131nda ya\u015famaya devam etmektedir.<\/p>\n<p>Allah rahmet eylesin!<\/p>\n<p>Yaz\u0131m\u0131n sonunda, baz\u0131 konularda makalesinden faydaland\u0131\u011f\u0131m \u0130stanbul Yeni Y\u00fczy\u0131l \u00dcniversitesi Dr. \u00d6\u011fretim \u00dcyesi Erol \u00dclgen hocama ve teredd\u00fctte kald\u0131\u011f\u0131m hususlarda beni ayd\u0131nlatan Ahi Baba\u2019n\u0131n evlad\u0131 Rasim Karag\u00fcll\u00fc abime te\u015fekk\u00fcr ederim.<\/p>\n<p><img loading=\"lazy\" decoding=\"async\" class=\"alignnone size-full wp-image-1691\" src=\"https:\/\/www.kirsehirses.com\/wp-content\/uploads\/2026\/02\/WhatsApp-Image-2026-02-23-at-2.jpeg\" alt=\"\" width=\"1169\" height=\"623\" srcset=\"https:\/\/www.kirsehirses.com\/wp-content\/uploads\/2026\/02\/WhatsApp-Image-2026-02-23-at-2.jpeg 1169w, https:\/\/www.kirsehirses.com\/wp-content\/uploads\/2026\/02\/WhatsApp-Image-2026-02-23-at-2-300x160.jpeg 300w, https:\/\/www.kirsehirses.com\/wp-content\/uploads\/2026\/02\/WhatsApp-Image-2026-02-23-at-2-1024x546.jpeg 1024w, https:\/\/www.kirsehirses.com\/wp-content\/uploads\/2026\/02\/WhatsApp-Image-2026-02-23-at-2-768x409.jpeg 768w\" sizes=\"auto, (max-width: 1169px) 100vw, 1169px\" \/> <img loading=\"lazy\" decoding=\"async\" class=\"alignnone size-full wp-image-1692\" src=\"https:\/\/www.kirsehirses.com\/wp-content\/uploads\/2026\/02\/WhatsApp-Image-2026-02-23-at-21.04.05.jpeg\" alt=\"\" width=\"1600\" height=\"997\" srcset=\"https:\/\/www.kirsehirses.com\/wp-content\/uploads\/2026\/02\/WhatsApp-Image-2026-02-23-at-21.04.05.jpeg 1600w, https:\/\/www.kirsehirses.com\/wp-content\/uploads\/2026\/02\/WhatsApp-Image-2026-02-23-at-21.04.05-300x187.jpeg 300w, https:\/\/www.kirsehirses.com\/wp-content\/uploads\/2026\/02\/WhatsApp-Image-2026-02-23-at-21.04.05-1024x638.jpeg 1024w, https:\/\/www.kirsehirses.com\/wp-content\/uploads\/2026\/02\/WhatsApp-Image-2026-02-23-at-21.04.05-768x479.jpeg 768w, https:\/\/www.kirsehirses.com\/wp-content\/uploads\/2026\/02\/WhatsApp-Image-2026-02-23-at-21.04.05-1536x957.jpeg 1536w\" sizes=\"auto, (max-width: 1600px) 100vw, 1600px\" \/><\/p>\n<p><strong>Osman DEM\u0130R<\/strong><\/p>\n","protected":false},"excerpt":{"rendered":"<p>Bir \u015eehre ve Ahili\u011fe Adanan Hayat: Ahi Baba Mustafa Karag\u00fcll\u00fc -3- Ben Mustafa Karag\u00fcll\u00fc\u2019y\u00fc, 1986 y\u0131l\u0131nda Ahilik Haftas\u0131 haz\u0131rl\u0131k toplant\u0131s\u0131nda tan\u0131d\u0131m. Esnaf Birli\u011fi Ba\u015fkan\u0131 olarak uzaktan tan\u0131d\u0131\u011f\u0131m bu beyefendi, o d\u00f6nem Ankara Caddesi\u2019nde bulunan ve muhabir olarak \u00e7al\u0131\u015ft\u0131\u011f\u0131m T\u00fcrkiye Gazetesi b\u00fcromuza gelerek kendisini tan\u0131tt\u0131 ve beni toplant\u0131ya davet etti. Ak\u015fam, bir arkada\u015f\u0131mla birlikte, \u015fimdi Celal [&hellip;]<\/p>\n","protected":false},"author":1,"featured_media":1693,"comment_status":"open","ping_status":"open","sticky":false,"template":"","format":"standard","meta":{"footnotes":""},"categories":[8],"tags":[],"class_list":["post-1690","post","type-post","status-publish","format-standard","has-post-thumbnail","hentry","category-kirsehir"],"_links":{"self":[{"href":"https:\/\/www.kirsehirses.com\/index.php\/wp-json\/wp\/v2\/posts\/1690","targetHints":{"allow":["GET"]}}],"collection":[{"href":"https:\/\/www.kirsehirses.com\/index.php\/wp-json\/wp\/v2\/posts"}],"about":[{"href":"https:\/\/www.kirsehirses.com\/index.php\/wp-json\/wp\/v2\/types\/post"}],"author":[{"embeddable":true,"href":"https:\/\/www.kirsehirses.com\/index.php\/wp-json\/wp\/v2\/users\/1"}],"replies":[{"embeddable":true,"href":"https:\/\/www.kirsehirses.com\/index.php\/wp-json\/wp\/v2\/comments?post=1690"}],"version-history":[{"count":1,"href":"https:\/\/www.kirsehirses.com\/index.php\/wp-json\/wp\/v2\/posts\/1690\/revisions"}],"predecessor-version":[{"id":1694,"href":"https:\/\/www.kirsehirses.com\/index.php\/wp-json\/wp\/v2\/posts\/1690\/revisions\/1694"}],"wp:featuredmedia":[{"embeddable":true,"href":"https:\/\/www.kirsehirses.com\/index.php\/wp-json\/wp\/v2\/media\/1693"}],"wp:attachment":[{"href":"https:\/\/www.kirsehirses.com\/index.php\/wp-json\/wp\/v2\/media?parent=1690"}],"wp:term":[{"taxonomy":"category","embeddable":true,"href":"https:\/\/www.kirsehirses.com\/index.php\/wp-json\/wp\/v2\/categories?post=1690"},{"taxonomy":"post_tag","embeddable":true,"href":"https:\/\/www.kirsehirses.com\/index.php\/wp-json\/wp\/v2\/tags?post=1690"}],"curies":[{"name":"wp","href":"https:\/\/api.w.org\/{rel}","templated":true}]}}