{"id":1695,"date":"2026-02-25T03:19:26","date_gmt":"2026-02-25T00:19:26","guid":{"rendered":"https:\/\/www.kirsehirses.com\/?p=1695"},"modified":"2026-02-25T03:19:26","modified_gmt":"2026-02-25T00:19:26","slug":"mezun-oldugu-fakulteye-dekan-oldu","status":"publish","type":"post","link":"https:\/\/www.kirsehirses.com\/index.php\/2026\/02\/25\/mezun-oldugu-fakulteye-dekan-oldu\/","title":{"rendered":"Mezun Oldu\u011fu Fak\u00fclteye Dekan Oldu"},"content":{"rendered":"<p><strong>Mezun Oldu\u011fu Fak\u00fclteye Dekan Oldu<\/strong><\/p>\n<p>K\u0131r\u015fehir Ahi Evran \u00dcniversitesi (KAE\u00dc) E\u011fitim Fak\u00fcltesi\u2019nde devir teslim heyecan\u0131 ya\u015fand\u0131. Fak\u00fcltenin yeni dekan\u0131 Prof. Dr. Ayfer \u015eahin oldu. \u015eahin, g\u00f6revi Prof. Dr. Ertu\u011frul Yaman\u2019dan devrald\u0131.<\/p>\n<p>Daha \u00f6nce Sosyal Bilimler Meslek Y\u00fcksekokulu M\u00fcd\u00fcr\u00fc olarak g\u00f6rev yapan Prof. Dr. Ayfer \u015eahin i\u00e7in bu atama ayr\u0131 bir anlam ta\u015f\u0131yor. \u015eahin, mezun oldu\u011fu E\u011fitim Fak\u00fcltesi\u2019ne bu kez dekan olarak d\u00f6nd\u00fc.<\/p>\n<p>Ger\u00e7ekle\u015ftirilen devir teslim t\u00f6renine KAE\u00dc Rekt\u00f6r\u00fc Prof. Dr. Mustafa Kas\u0131m Karahoca\u011fil de kat\u0131ld\u0131. Rekt\u00f6r Karahoca\u011fil yapt\u0131\u011f\u0131 a\u00e7\u0131klamada, g\u00f6revi devreden Prof. Dr. Ertu\u011frul Yaman\u2019a fak\u00fclteye sundu\u011fu katk\u0131lar dolay\u0131s\u0131yla te\u015fekk\u00fcr ederken, yeni dekan Prof. Dr. Ayfer \u015eahin\u2019e g\u00f6revinde ba\u015far\u0131lar diledi.<\/p>\n<p>E\u011fitim Fak\u00fcltesi\u2019nde yeni d\u00f6nemin, akademik \u00e7al\u0131\u015fmalar ve projeler a\u00e7\u0131s\u0131ndan \u00f6nemli ad\u0131mlara sahne olmas\u0131 bekleniyor.<\/p>\n<p>K\u0131r\u015fehir Ses Haber olarak Prof. Dr. Ayfer \u015eahin\u2019e yeni g\u00f6revinde \u00fcst\u00fcn ba\u015far\u0131lar diliyoruz.<\/p>\n","protected":false},"excerpt":{"rendered":"<p>Mezun Oldu\u011fu Fak\u00fclteye Dekan Oldu K\u0131r\u015fehir Ahi Evran \u00dcniversitesi (KAE\u00dc) E\u011fitim Fak\u00fcltesi\u2019nde devir teslim heyecan\u0131 ya\u015fand\u0131. Fak\u00fcltenin yeni dekan\u0131 Prof. Dr. Ayfer \u015eahin oldu. \u015eahin, g\u00f6revi Prof. Dr. Ertu\u011frul Yaman\u2019dan devrald\u0131. Daha \u00f6nce Sosyal Bilimler Meslek Y\u00fcksekokulu M\u00fcd\u00fcr\u00fc olarak g\u00f6rev yapan Prof. Dr. Ayfer \u015eahin i\u00e7in bu atama ayr\u0131 bir anlam ta\u015f\u0131yor. \u015eahin, mezun oldu\u011fu [&hellip;]<\/p>\n","protected":false},"author":1,"featured_media":1696,"comment_status":"open","ping_status":"open","sticky":false,"template":"","format":"standard","meta":{"footnotes":""},"categories":[8],"tags":[],"class_list":["post-1695","post","type-post","status-publish","format-standard","has-post-thumbnail","hentry","category-kirsehir"],"_links":{"self":[{"href":"https:\/\/www.kirsehirses.com\/index.php\/wp-json\/wp\/v2\/posts\/1695","targetHints":{"allow":["GET"]}}],"collection":[{"href":"https:\/\/www.kirsehirses.com\/index.php\/wp-json\/wp\/v2\/posts"}],"about":[{"href":"https:\/\/www.kirsehirses.com\/index.php\/wp-json\/wp\/v2\/types\/post"}],"author":[{"embeddable":true,"href":"https:\/\/www.kirsehirses.com\/index.php\/wp-json\/wp\/v2\/users\/1"}],"replies":[{"embeddable":true,"href":"https:\/\/www.kirsehirses.com\/index.php\/wp-json\/wp\/v2\/comments?post=1695"}],"version-history":[{"count":1,"href":"https:\/\/www.kirsehirses.com\/index.php\/wp-json\/wp\/v2\/posts\/1695\/revisions"}],"predecessor-version":[{"id":1697,"href":"https:\/\/www.kirsehirses.com\/index.php\/wp-json\/wp\/v2\/posts\/1695\/revisions\/1697"}],"wp:featuredmedia":[{"embeddable":true,"href":"https:\/\/www.kirsehirses.com\/index.php\/wp-json\/wp\/v2\/media\/1696"}],"wp:attachment":[{"href":"https:\/\/www.kirsehirses.com\/index.php\/wp-json\/wp\/v2\/media?parent=1695"}],"wp:term":[{"taxonomy":"category","embeddable":true,"href":"https:\/\/www.kirsehirses.com\/index.php\/wp-json\/wp\/v2\/categories?post=1695"},{"taxonomy":"post_tag","embeddable":true,"href":"https:\/\/www.kirsehirses.com\/index.php\/wp-json\/wp\/v2\/tags?post=1695"}],"curies":[{"name":"wp","href":"https:\/\/api.w.org\/{rel}","templated":true}]}}