{"id":1739,"date":"2026-03-01T06:54:04","date_gmt":"2026-03-01T03:54:04","guid":{"rendered":"https:\/\/www.kirsehirses.com\/?p=1739"},"modified":"2026-03-01T06:54:04","modified_gmt":"2026-03-01T03:54:04","slug":"israil-ve-abdnin-irana-yonelik-askeri-operasyonu-gundemde","status":"publish","type":"post","link":"https:\/\/www.kirsehirses.com\/index.php\/2026\/03\/01\/israil-ve-abdnin-irana-yonelik-askeri-operasyonu-gundemde\/","title":{"rendered":"\u0130srail ve ABD\u2019nin \u0130ran\u2019a Y\u00f6nelik Askeri Operasyonu G\u00fcndemde"},"content":{"rendered":"<p><strong>\u0130srail ve ABD\u2019nin \u0130ran\u2019a Y\u00f6nelik Askeri Operasyonu G\u00fcndemde<\/strong><\/p>\n<p data-start=\"65\" data-end=\"371\">B\u00f6lgede son geli\u015fmelere g\u00f6re, \u0130srail ve Amerika Birle\u015fik Devletleri, \u0130ran\u2019a kar\u015f\u0131 ortak askeri sald\u0131r\u0131 ba\u015flatt\u0131klar\u0131n\u0131 a\u00e7\u0131klad\u0131. Resm\u00ee kaynaklar, 28 \u015eubat 2026\u2019da erken saatlerde \u0130ran\u2019da patlama seslerinin duyuldu\u011funu ve baz\u0131 hedeflere sald\u0131r\u0131 d\u00fczenlendi\u011fini bildirdi.<\/p>\n<p data-start=\"373\" data-end=\"651\">\u0130srail Savunma Bakan\u0131 bu operasyonun \u0130ran\u2019\u0131n olu\u015fturdu\u011fu g\u00fcvenlik tehdidini ortadan kald\u0131rmay\u0131 ama\u00e7lad\u0131\u011f\u0131n\u0131 belirtirken, ABD Ba\u015fkan\u0131\u2019n\u0131n da sald\u0131r\u0131lar\u0131n bir par\u00e7as\u0131 olarak ABD g\u00fc\u00e7lerinin yer ald\u0131\u011f\u0131n\u0131 do\u011frulad\u0131\u011f\u0131 y\u00f6n\u00fcnde haberler yer ald\u0131.<\/p>\n<p data-start=\"653\" data-end=\"974\">\u0130ran taraf\u0131 hen\u00fcz ayr\u0131nt\u0131l\u0131 bir resm\u00ee sald\u0131r\u0131 bildirimi yapmad\u0131 ancak ya\u015fananlar b\u00f6lgede tansiyonun y\u00fckseldi\u011fine i\u015faret ediyor ve uluslararas\u0131 toplum geli\u015fmeleri yak\u0131ndan izliyor. Ancak bu t\u00fcr b\u00fcy\u00fck \u00e7apl\u0131 askeri olaylar\u0131n b\u00f6lgesel etkileri konusunda resmi a\u00e7\u0131klamalar ve detayl\u0131 veriler hen\u00fcz s\u0131n\u0131rl\u0131 d\u00fczeyde bulunuyor.<\/p>\n<p data-start=\"976\" data-end=\"1103\">Durumun geli\u015fmesiyle birlikte uluslararas\u0131 haber kaynaklar\u0131 ve devlet a\u00e7\u0131klamalar\u0131 \u00fczerinden yeni bilgiler de takip ediliyor.<\/p>\n","protected":false},"excerpt":{"rendered":"<p>\u0130srail ve ABD\u2019nin \u0130ran\u2019a Y\u00f6nelik Askeri Operasyonu G\u00fcndemde B\u00f6lgede son geli\u015fmelere g\u00f6re, \u0130srail ve Amerika Birle\u015fik Devletleri, \u0130ran\u2019a kar\u015f\u0131 ortak askeri sald\u0131r\u0131 ba\u015flatt\u0131klar\u0131n\u0131 a\u00e7\u0131klad\u0131. Resm\u00ee kaynaklar, 28 \u015eubat 2026\u2019da erken saatlerde \u0130ran\u2019da patlama seslerinin duyuldu\u011funu ve baz\u0131 hedeflere sald\u0131r\u0131 d\u00fczenlendi\u011fini bildirdi. \u0130srail Savunma Bakan\u0131 bu operasyonun \u0130ran\u2019\u0131n olu\u015fturdu\u011fu g\u00fcvenlik tehdidini ortadan kald\u0131rmay\u0131 ama\u00e7lad\u0131\u011f\u0131n\u0131 belirtirken, ABD [&hellip;]<\/p>\n","protected":false},"author":1,"featured_media":1740,"comment_status":"open","ping_status":"open","sticky":false,"template":"","format":"standard","meta":{"footnotes":""},"categories":[6],"tags":[],"class_list":["post-1739","post","type-post","status-publish","format-standard","has-post-thumbnail","hentry","category-dunya"],"_links":{"self":[{"href":"https:\/\/www.kirsehirses.com\/index.php\/wp-json\/wp\/v2\/posts\/1739","targetHints":{"allow":["GET"]}}],"collection":[{"href":"https:\/\/www.kirsehirses.com\/index.php\/wp-json\/wp\/v2\/posts"}],"about":[{"href":"https:\/\/www.kirsehirses.com\/index.php\/wp-json\/wp\/v2\/types\/post"}],"author":[{"embeddable":true,"href":"https:\/\/www.kirsehirses.com\/index.php\/wp-json\/wp\/v2\/users\/1"}],"replies":[{"embeddable":true,"href":"https:\/\/www.kirsehirses.com\/index.php\/wp-json\/wp\/v2\/comments?post=1739"}],"version-history":[{"count":1,"href":"https:\/\/www.kirsehirses.com\/index.php\/wp-json\/wp\/v2\/posts\/1739\/revisions"}],"predecessor-version":[{"id":1741,"href":"https:\/\/www.kirsehirses.com\/index.php\/wp-json\/wp\/v2\/posts\/1739\/revisions\/1741"}],"wp:featuredmedia":[{"embeddable":true,"href":"https:\/\/www.kirsehirses.com\/index.php\/wp-json\/wp\/v2\/media\/1740"}],"wp:attachment":[{"href":"https:\/\/www.kirsehirses.com\/index.php\/wp-json\/wp\/v2\/media?parent=1739"}],"wp:term":[{"taxonomy":"category","embeddable":true,"href":"https:\/\/www.kirsehirses.com\/index.php\/wp-json\/wp\/v2\/categories?post=1739"},{"taxonomy":"post_tag","embeddable":true,"href":"https:\/\/www.kirsehirses.com\/index.php\/wp-json\/wp\/v2\/tags?post=1739"}],"curies":[{"name":"wp","href":"https:\/\/api.w.org\/{rel}","templated":true}]}}