{"id":1742,"date":"2026-03-01T06:57:19","date_gmt":"2026-03-01T03:57:19","guid":{"rendered":"https:\/\/www.kirsehirses.com\/?p=1742"},"modified":"2026-03-01T06:57:19","modified_gmt":"2026-03-01T03:57:19","slug":"cicekdagi-meslek-yuksekokulundan-tarim-ve-hayvancilikta-is-birligi-protokolu","status":"publish","type":"post","link":"https:\/\/www.kirsehirses.com\/index.php\/2026\/03\/01\/cicekdagi-meslek-yuksekokulundan-tarim-ve-hayvancilikta-is-birligi-protokolu\/","title":{"rendered":"\u00c7i\u00e7ekda\u011f\u0131 Meslek Y\u00fcksekokulu\u2019ndan Tar\u0131m ve Hayvanc\u0131l\u0131kta \u0130\u015f Birli\u011fi Protokol\u00fc"},"content":{"rendered":"<p><strong>\u00c7i\u00e7ekda\u011f\u0131 Meslek Y\u00fcksekokulu\u2019ndan Tar\u0131m ve Hayvanc\u0131l\u0131kta \u0130\u015f Birli\u011fi Protokol\u00fc<\/strong><\/p>\n<p>\u00c7i\u00e7ekda\u011f\u0131 Meslek Y\u00fcksekokulu ile \u00c7i\u00e7ekda\u011f\u0131 \u0130l\u00e7e Tar\u0131m ve Hayvanc\u0131l\u0131k M\u00fcd\u00fcrl\u00fc\u011f\u00fc aras\u0131nda tar\u0131m ve hayvanc\u0131l\u0131k alan\u0131nda stratejik i\u015f birli\u011fi protokol\u00fc imzaland\u0131. Protokol kapsam\u0131nda il\u00e7ede y\u00fcr\u00fct\u00fclecek \u00e7al\u0131\u015fmalara akademik destek sa\u011flanmas\u0131 hedefleniyor.<\/p>\n<p>\u0130l\u00e7e Tar\u0131m ve Hayvanc\u0131l\u0131k M\u00fcd\u00fcr\u00fc Yakup \u00d6mero\u011flu ile \u0130l\u00e7e Tar\u0131m M\u00fcd\u00fcr\u00fc Serdal \u00c7etin\u2019in kat\u0131l\u0131m\u0131yla hayata ge\u00e7irilen i\u015f birli\u011fi \u00e7er\u00e7evesinde, \u00f6zellikle Veterinerlik B\u00f6l\u00fcm\u00fc aktif rol \u00fcstlenecek.<\/p>\n<p>Protokol sayesinde \u00f6\u011frenciler uygulamal\u0131 saha e\u011fitimi imk\u00e2n\u0131 kazanacak, akademik bilgi ile \u00fcretim sahas\u0131 daha g\u00fc\u00e7l\u00fc \u015fekilde bulu\u015facak. Ayr\u0131ca il\u00e7ede hayvanc\u0131l\u0131k ve tar\u0131msal \u00fcretime bilimsel katk\u0131 sunulmas\u0131, kurumlar aras\u0131 koordinasyon ve bilgi payla\u015f\u0131m\u0131n\u0131n art\u0131r\u0131lmas\u0131 ama\u00e7lan\u0131yor.<\/p>\n<p>Yetkililer, imzalanan protokol\u00fcn il\u00e7e tar\u0131m\u0131na, \u00fcreticilere ve \u00f6\u011frencilere \u00f6nemli katk\u0131lar sunaca\u011f\u0131n\u0131 belirterek, s\u00fcrece destek veren Mustafa Kas\u0131m Karahocagil ba\u015fta olmak \u00fczere t\u00fcm payda\u015flara te\u015fekk\u00fcr etti.<\/p>\n<p>Akademi ile \u00fcretim sahas\u0131n\u0131 bulu\u015fturan i\u015f birli\u011finin \u00f6n\u00fcm\u00fczdeki d\u00f6nemde somut projelerle g\u00fc\u00e7lendirilmesi planlan\u0131yor.<\/p>\n","protected":false},"excerpt":{"rendered":"<p>\u00c7i\u00e7ekda\u011f\u0131 Meslek Y\u00fcksekokulu\u2019ndan Tar\u0131m ve Hayvanc\u0131l\u0131kta \u0130\u015f Birli\u011fi Protokol\u00fc \u00c7i\u00e7ekda\u011f\u0131 Meslek Y\u00fcksekokulu ile \u00c7i\u00e7ekda\u011f\u0131 \u0130l\u00e7e Tar\u0131m ve Hayvanc\u0131l\u0131k M\u00fcd\u00fcrl\u00fc\u011f\u00fc aras\u0131nda tar\u0131m ve hayvanc\u0131l\u0131k alan\u0131nda stratejik i\u015f birli\u011fi protokol\u00fc imzaland\u0131. Protokol kapsam\u0131nda il\u00e7ede y\u00fcr\u00fct\u00fclecek \u00e7al\u0131\u015fmalara akademik destek sa\u011flanmas\u0131 hedefleniyor. \u0130l\u00e7e Tar\u0131m ve Hayvanc\u0131l\u0131k M\u00fcd\u00fcr\u00fc Yakup \u00d6mero\u011flu ile \u0130l\u00e7e Tar\u0131m M\u00fcd\u00fcr\u00fc Serdal \u00c7etin\u2019in kat\u0131l\u0131m\u0131yla hayata ge\u00e7irilen i\u015f [&hellip;]<\/p>\n","protected":false},"author":1,"featured_media":1743,"comment_status":"open","ping_status":"open","sticky":false,"template":"","format":"standard","meta":{"footnotes":""},"categories":[10,8],"tags":[],"class_list":["post-1742","post","type-post","status-publish","format-standard","has-post-thumbnail","hentry","category-egitim","category-kirsehir"],"_links":{"self":[{"href":"https:\/\/www.kirsehirses.com\/index.php\/wp-json\/wp\/v2\/posts\/1742","targetHints":{"allow":["GET"]}}],"collection":[{"href":"https:\/\/www.kirsehirses.com\/index.php\/wp-json\/wp\/v2\/posts"}],"about":[{"href":"https:\/\/www.kirsehirses.com\/index.php\/wp-json\/wp\/v2\/types\/post"}],"author":[{"embeddable":true,"href":"https:\/\/www.kirsehirses.com\/index.php\/wp-json\/wp\/v2\/users\/1"}],"replies":[{"embeddable":true,"href":"https:\/\/www.kirsehirses.com\/index.php\/wp-json\/wp\/v2\/comments?post=1742"}],"version-history":[{"count":1,"href":"https:\/\/www.kirsehirses.com\/index.php\/wp-json\/wp\/v2\/posts\/1742\/revisions"}],"predecessor-version":[{"id":1744,"href":"https:\/\/www.kirsehirses.com\/index.php\/wp-json\/wp\/v2\/posts\/1742\/revisions\/1744"}],"wp:featuredmedia":[{"embeddable":true,"href":"https:\/\/www.kirsehirses.com\/index.php\/wp-json\/wp\/v2\/media\/1743"}],"wp:attachment":[{"href":"https:\/\/www.kirsehirses.com\/index.php\/wp-json\/wp\/v2\/media?parent=1742"}],"wp:term":[{"taxonomy":"category","embeddable":true,"href":"https:\/\/www.kirsehirses.com\/index.php\/wp-json\/wp\/v2\/categories?post=1742"},{"taxonomy":"post_tag","embeddable":true,"href":"https:\/\/www.kirsehirses.com\/index.php\/wp-json\/wp\/v2\/tags?post=1742"}],"curies":[{"name":"wp","href":"https:\/\/api.w.org\/{rel}","templated":true}]}}