{"id":1745,"date":"2026-03-01T07:01:47","date_gmt":"2026-03-01T04:01:47","guid":{"rendered":"https:\/\/www.kirsehirses.com\/?p=1745"},"modified":"2026-03-01T07:01:47","modified_gmt":"2026-03-01T04:01:47","slug":"3-mart-gecesi-ay-kizil-renkte-gorunecek","status":"publish","type":"post","link":"https:\/\/www.kirsehirses.com\/index.php\/2026\/03\/01\/3-mart-gecesi-ay-kizil-renkte-gorunecek\/","title":{"rendered":"3 Mart Gecesi Ay K\u0131z\u0131l Renkte G\u00f6r\u00fcnecek"},"content":{"rendered":"<p><strong>3 Mart Gecesi Ay K\u0131z\u0131l Renkte G\u00f6r\u00fcnecek<\/strong><\/p>\n<p>Astronomlara g\u00f6re 3 Mart gecesi g\u00f6ky\u00fcz\u00fcnde dikkat \u00e7eken bir do\u011fa olay\u0131 ya\u015fanacak. Ay, yakla\u015f\u0131k 58 dakika boyunca k\u0131z\u0131l renkte g\u00f6r\u00fcnecek.<\/p>\n<p>Bu durum, Ay\u2019\u0131n D\u00fcnya\u2019n\u0131n g\u00f6lgesinden ge\u00e7ti\u011fi tutulma s\u0131ras\u0131nda olu\u015fan \u00f6zel atmosferik etkiyle meydana geliyor. G\u00fcne\u015f\u2019ten gelen \u0131\u015f\u0131\u011f\u0131n D\u00fcnya atmosferinden k\u0131r\u0131larak Ay\u2019a ula\u015fmas\u0131, y\u00fczeyde k\u0131z\u0131l tonlar\u0131n olu\u015fmas\u0131na neden oluyor. Bu nadir olay T\u00fcrkiye\u2019de de izlenebilecek.<\/p>\n","protected":false},"excerpt":{"rendered":"<p>3 Mart Gecesi Ay K\u0131z\u0131l Renkte G\u00f6r\u00fcnecek Astronomlara g\u00f6re 3 Mart gecesi g\u00f6ky\u00fcz\u00fcnde dikkat \u00e7eken bir do\u011fa olay\u0131 ya\u015fanacak. Ay, yakla\u015f\u0131k 58 dakika boyunca k\u0131z\u0131l renkte g\u00f6r\u00fcnecek. Bu durum, Ay\u2019\u0131n D\u00fcnya\u2019n\u0131n g\u00f6lgesinden ge\u00e7ti\u011fi tutulma s\u0131ras\u0131nda olu\u015fan \u00f6zel atmosferik etkiyle meydana geliyor. G\u00fcne\u015f\u2019ten gelen \u0131\u015f\u0131\u011f\u0131n D\u00fcnya atmosferinden k\u0131r\u0131larak Ay\u2019a ula\u015fmas\u0131, y\u00fczeyde k\u0131z\u0131l tonlar\u0131n olu\u015fmas\u0131na neden oluyor. [&hellip;]<\/p>\n","protected":false},"author":1,"featured_media":1746,"comment_status":"open","ping_status":"open","sticky":false,"template":"","format":"standard","meta":{"footnotes":""},"categories":[5],"tags":[],"class_list":["post-1745","post","type-post","status-publish","format-standard","has-post-thumbnail","hentry","category-gundem"],"_links":{"self":[{"href":"https:\/\/www.kirsehirses.com\/index.php\/wp-json\/wp\/v2\/posts\/1745","targetHints":{"allow":["GET"]}}],"collection":[{"href":"https:\/\/www.kirsehirses.com\/index.php\/wp-json\/wp\/v2\/posts"}],"about":[{"href":"https:\/\/www.kirsehirses.com\/index.php\/wp-json\/wp\/v2\/types\/post"}],"author":[{"embeddable":true,"href":"https:\/\/www.kirsehirses.com\/index.php\/wp-json\/wp\/v2\/users\/1"}],"replies":[{"embeddable":true,"href":"https:\/\/www.kirsehirses.com\/index.php\/wp-json\/wp\/v2\/comments?post=1745"}],"version-history":[{"count":1,"href":"https:\/\/www.kirsehirses.com\/index.php\/wp-json\/wp\/v2\/posts\/1745\/revisions"}],"predecessor-version":[{"id":1747,"href":"https:\/\/www.kirsehirses.com\/index.php\/wp-json\/wp\/v2\/posts\/1745\/revisions\/1747"}],"wp:featuredmedia":[{"embeddable":true,"href":"https:\/\/www.kirsehirses.com\/index.php\/wp-json\/wp\/v2\/media\/1746"}],"wp:attachment":[{"href":"https:\/\/www.kirsehirses.com\/index.php\/wp-json\/wp\/v2\/media?parent=1745"}],"wp:term":[{"taxonomy":"category","embeddable":true,"href":"https:\/\/www.kirsehirses.com\/index.php\/wp-json\/wp\/v2\/categories?post=1745"},{"taxonomy":"post_tag","embeddable":true,"href":"https:\/\/www.kirsehirses.com\/index.php\/wp-json\/wp\/v2\/tags?post=1745"}],"curies":[{"name":"wp","href":"https:\/\/api.w.org\/{rel}","templated":true}]}}