{"id":1752,"date":"2026-03-02T04:01:03","date_gmt":"2026-03-02T01:01:03","guid":{"rendered":"https:\/\/www.kirsehirses.com\/?p=1752"},"modified":"2026-03-02T04:01:03","modified_gmt":"2026-03-02T01:01:03","slug":"kayseriye-acil-mudahale-ussu","status":"publish","type":"post","link":"https:\/\/www.kirsehirses.com\/index.php\/2026\/03\/02\/kayseriye-acil-mudahale-ussu\/","title":{"rendered":"Kayseri\u2019ye Acil M\u00fcdahale \u00dcss\u00fc"},"content":{"rendered":"<p><strong>Kayseri\u2019ye Acil M\u00fcdahale \u00dcss\u00fc<\/strong><\/p>\n<p>T\u00fcrkiye\u2019nin ilk ulusal ve uluslararas\u0131 arama-kurtarma lojistik \u00fcss\u00fc, Afet ve Acil Durum Y\u00f6netimi Ba\u015fkanl\u0131\u011f\u0131 (AFAD) taraf\u0131ndan Kayseri\u2019de hayata ge\u00e7iriliyor.<\/p>\n<p>\u0130\u00e7i\u015fleri Bakanl\u0131\u011f\u0131\u2019n\u0131n \u201cAfetlerde T\u00fcrkiye\u2019nin Ortak G\u00fcc\u00fc\u201d vizyonu do\u011frultusunda, AFAD\u2019a tahsis edilen Kayseri eski terminal binas\u0131 stratejik bir lojistik merkeze d\u00f6n\u00fc\u015ft\u00fcr\u00fcl\u00fcyor. \u00dcs, \u00fclkemizin herhangi bir noktas\u0131nda meydana gelecek afet an\u0131nda arama-kurtarma ekipleri, acil bar\u0131nma malzemeleri, kritik ekipman ve insani yard\u0131m unsurlar\u0131n\u0131n sevke haz\u0131r \u015fekilde konu\u015fland\u0131r\u0131lmas\u0131n\u0131 sa\u011flayacak.<\/p>\n<p>Projede sona yakla\u015f\u0131l\u0131rken, afet durumunda 15 dakika i\u00e7inde sevkiyat\u0131n ba\u015flat\u0131lmas\u0131, 30\u2019uncu dakikada ise u\u00e7aklar\u0131n havalanmas\u0131 hedefleniyor. Kayseri Havaliman\u0131\u2019nda asker\u00ee ve sivil u\u00e7u\u015flar\u0131n birlikte y\u00fcr\u00fct\u00fclmesi ile asker\u00ee kargo u\u00e7aklar\u0131n\u0131n bulunmas\u0131 projeye stratejik g\u00fc\u00e7 kat\u0131yor.<\/p>\n","protected":false},"excerpt":{"rendered":"<p>Kayseri\u2019ye Acil M\u00fcdahale \u00dcss\u00fc T\u00fcrkiye\u2019nin ilk ulusal ve uluslararas\u0131 arama-kurtarma lojistik \u00fcss\u00fc, Afet ve Acil Durum Y\u00f6netimi Ba\u015fkanl\u0131\u011f\u0131 (AFAD) taraf\u0131ndan Kayseri\u2019de hayata ge\u00e7iriliyor. \u0130\u00e7i\u015fleri Bakanl\u0131\u011f\u0131\u2019n\u0131n \u201cAfetlerde T\u00fcrkiye\u2019nin Ortak G\u00fcc\u00fc\u201d vizyonu do\u011frultusunda, AFAD\u2019a tahsis edilen Kayseri eski terminal binas\u0131 stratejik bir lojistik merkeze d\u00f6n\u00fc\u015ft\u00fcr\u00fcl\u00fcyor. \u00dcs, \u00fclkemizin herhangi bir noktas\u0131nda meydana gelecek afet an\u0131nda arama-kurtarma ekipleri, acil [&hellip;]<\/p>\n","protected":false},"author":1,"featured_media":1753,"comment_status":"open","ping_status":"open","sticky":false,"template":"","format":"standard","meta":{"footnotes":""},"categories":[7],"tags":[],"class_list":["post-1752","post","type-post","status-publish","format-standard","has-post-thumbnail","hentry","category-turkiye"],"_links":{"self":[{"href":"https:\/\/www.kirsehirses.com\/index.php\/wp-json\/wp\/v2\/posts\/1752","targetHints":{"allow":["GET"]}}],"collection":[{"href":"https:\/\/www.kirsehirses.com\/index.php\/wp-json\/wp\/v2\/posts"}],"about":[{"href":"https:\/\/www.kirsehirses.com\/index.php\/wp-json\/wp\/v2\/types\/post"}],"author":[{"embeddable":true,"href":"https:\/\/www.kirsehirses.com\/index.php\/wp-json\/wp\/v2\/users\/1"}],"replies":[{"embeddable":true,"href":"https:\/\/www.kirsehirses.com\/index.php\/wp-json\/wp\/v2\/comments?post=1752"}],"version-history":[{"count":1,"href":"https:\/\/www.kirsehirses.com\/index.php\/wp-json\/wp\/v2\/posts\/1752\/revisions"}],"predecessor-version":[{"id":1754,"href":"https:\/\/www.kirsehirses.com\/index.php\/wp-json\/wp\/v2\/posts\/1752\/revisions\/1754"}],"wp:featuredmedia":[{"embeddable":true,"href":"https:\/\/www.kirsehirses.com\/index.php\/wp-json\/wp\/v2\/media\/1753"}],"wp:attachment":[{"href":"https:\/\/www.kirsehirses.com\/index.php\/wp-json\/wp\/v2\/media?parent=1752"}],"wp:term":[{"taxonomy":"category","embeddable":true,"href":"https:\/\/www.kirsehirses.com\/index.php\/wp-json\/wp\/v2\/categories?post=1752"},{"taxonomy":"post_tag","embeddable":true,"href":"https:\/\/www.kirsehirses.com\/index.php\/wp-json\/wp\/v2\/tags?post=1752"}],"curies":[{"name":"wp","href":"https:\/\/api.w.org\/{rel}","templated":true}]}}