{"id":1755,"date":"2026-03-02T04:02:43","date_gmt":"2026-03-02T01:02:43","guid":{"rendered":"https:\/\/www.kirsehirses.com\/?p=1755"},"modified":"2026-03-02T04:02:43","modified_gmt":"2026-03-02T01:02:43","slug":"savas-basliyor-iddialarina-yalanlama","status":"publish","type":"post","link":"https:\/\/www.kirsehirses.com\/index.php\/2026\/03\/02\/savas-basliyor-iddialarina-yalanlama\/","title":{"rendered":"Sava\u015f Ba\u015fl\u0131yor \u0130ddialar\u0131na Yalanlama"},"content":{"rendered":"<p><strong>Sava\u015f Ba\u015fl\u0131yor \u0130ddialar\u0131na Yalanlama<\/strong><\/p>\n<p>Baz\u0131 sosyal medya hesaplar\u0131nda payla\u015f\u0131lan ve \u201csava\u015f ba\u015flayaca\u011f\u0131\u201d iddias\u0131yla vatanda\u015flar\u0131n \u00e7e\u015fitli haz\u0131rl\u0131klar yapmas\u0131 gerekti\u011fini \u00f6ne s\u00fcren payla\u015f\u0131mlar\u0131n dezenformasyon i\u00e7erdi\u011fi bildirildi.<\/p>\n<p>A\u00e7\u0131klama, Cumhurba\u015fkanl\u0131\u011f\u0131 \u0130leti\u015fim Ba\u015fkanl\u0131\u011f\u0131 Dezenformasyonla M\u00fccadele Merkezi resmi sosyal medya hesab\u0131ndan yap\u0131ld\u0131. A\u00e7\u0131klamada, T\u00fcrkiye\u2019nin g\u00fcvenlik ve savunma s\u00fcre\u00e7lerinin ilgili kurumlar\u0131n koordinasyonunda etkin bir kapasiteyle y\u00fcr\u00fct\u00fcld\u00fc\u011f\u00fc vurgulanarak, kamuoyunda pani\u011fe neden olacak herhangi bir durumun s\u00f6z konusu olmad\u0131\u011f\u0131 ifade edildi.<\/p>\n<p>Toplumu korku, endi\u015fe ve kaosa s\u00fcr\u00fcklemeyi ama\u00e7layan hesaplara y\u00f6nelik adli s\u00fcre\u00e7lerin kararl\u0131l\u0131kla s\u00fcrd\u00fcr\u00fcld\u00fc\u011f\u00fc belirtilen a\u00e7\u0131klamada, vatanda\u015flar\u0131n as\u0131ls\u0131z iddialara itibar etmemesi ve yaln\u0131zca resmi kaynaklardan yap\u0131lan a\u00e7\u0131klamalar\u0131 dikkate almas\u0131 gerekti\u011fi kaydedildi.<\/p>\n","protected":false},"excerpt":{"rendered":"<p>Sava\u015f Ba\u015fl\u0131yor \u0130ddialar\u0131na Yalanlama Baz\u0131 sosyal medya hesaplar\u0131nda payla\u015f\u0131lan ve \u201csava\u015f ba\u015flayaca\u011f\u0131\u201d iddias\u0131yla vatanda\u015flar\u0131n \u00e7e\u015fitli haz\u0131rl\u0131klar yapmas\u0131 gerekti\u011fini \u00f6ne s\u00fcren payla\u015f\u0131mlar\u0131n dezenformasyon i\u00e7erdi\u011fi bildirildi. A\u00e7\u0131klama, Cumhurba\u015fkanl\u0131\u011f\u0131 \u0130leti\u015fim Ba\u015fkanl\u0131\u011f\u0131 Dezenformasyonla M\u00fccadele Merkezi resmi sosyal medya hesab\u0131ndan yap\u0131ld\u0131. A\u00e7\u0131klamada, T\u00fcrkiye\u2019nin g\u00fcvenlik ve savunma s\u00fcre\u00e7lerinin ilgili kurumlar\u0131n koordinasyonunda etkin bir kapasiteyle y\u00fcr\u00fct\u00fcld\u00fc\u011f\u00fc vurgulanarak, kamuoyunda pani\u011fe neden olacak herhangi [&hellip;]<\/p>\n","protected":false},"author":1,"featured_media":1756,"comment_status":"open","ping_status":"open","sticky":false,"template":"","format":"standard","meta":{"footnotes":""},"categories":[7],"tags":[],"class_list":["post-1755","post","type-post","status-publish","format-standard","has-post-thumbnail","hentry","category-turkiye"],"_links":{"self":[{"href":"https:\/\/www.kirsehirses.com\/index.php\/wp-json\/wp\/v2\/posts\/1755","targetHints":{"allow":["GET"]}}],"collection":[{"href":"https:\/\/www.kirsehirses.com\/index.php\/wp-json\/wp\/v2\/posts"}],"about":[{"href":"https:\/\/www.kirsehirses.com\/index.php\/wp-json\/wp\/v2\/types\/post"}],"author":[{"embeddable":true,"href":"https:\/\/www.kirsehirses.com\/index.php\/wp-json\/wp\/v2\/users\/1"}],"replies":[{"embeddable":true,"href":"https:\/\/www.kirsehirses.com\/index.php\/wp-json\/wp\/v2\/comments?post=1755"}],"version-history":[{"count":1,"href":"https:\/\/www.kirsehirses.com\/index.php\/wp-json\/wp\/v2\/posts\/1755\/revisions"}],"predecessor-version":[{"id":1757,"href":"https:\/\/www.kirsehirses.com\/index.php\/wp-json\/wp\/v2\/posts\/1755\/revisions\/1757"}],"wp:featuredmedia":[{"embeddable":true,"href":"https:\/\/www.kirsehirses.com\/index.php\/wp-json\/wp\/v2\/media\/1756"}],"wp:attachment":[{"href":"https:\/\/www.kirsehirses.com\/index.php\/wp-json\/wp\/v2\/media?parent=1755"}],"wp:term":[{"taxonomy":"category","embeddable":true,"href":"https:\/\/www.kirsehirses.com\/index.php\/wp-json\/wp\/v2\/categories?post=1755"},{"taxonomy":"post_tag","embeddable":true,"href":"https:\/\/www.kirsehirses.com\/index.php\/wp-json\/wp\/v2\/tags?post=1755"}],"curies":[{"name":"wp","href":"https:\/\/api.w.org\/{rel}","templated":true}]}}