{"id":1768,"date":"2026-03-03T03:48:05","date_gmt":"2026-03-03T00:48:05","guid":{"rendered":"https:\/\/www.kirsehirses.com\/?p=1768"},"modified":"2026-03-03T03:48:05","modified_gmt":"2026-03-03T00:48:05","slug":"siber-vatan-projesi-kirsehirde-basladi","status":"publish","type":"post","link":"https:\/\/www.kirsehirses.com\/index.php\/2026\/03\/03\/siber-vatan-projesi-kirsehirde-basladi\/","title":{"rendered":"Siber Vatan Projesi K\u0131r\u015fehir&#8217;de Ba\u015flad\u0131"},"content":{"rendered":"<p><strong>Siber Vatan Projesi K\u0131r\u015fehir&#8217;de Ba\u015flad\u0131<\/strong><\/p>\n<p>Sanayi ve Teknoloji Bakanl\u0131\u011f\u0131 koordinasyonunda 81 ilde y\u00fcr\u00fct\u00fclen Siber Vatan Program\u0131, K\u0131r\u015fehir\u2019de y\u00fcz y\u00fcze e\u011fitimlerle ba\u015flad\u0131. Program, Ahiler Kalk\u0131nma Ajans\u0131 koordinasyonunda ve K\u0131r\u015fehir Ahi Evran \u00dcniversitesi i\u015f birli\u011fiyle ger\u00e7ekle\u015ftiriliyor.<\/p>\n<p>Siber g\u00fcvenlik alan\u0131nda nitelikli insan kayna\u011f\u0131 yeti\u015ftirmeyi ama\u00e7layan program kapsam\u0131nda \u00fcniversite \u00f6\u011frencilerine uygulamal\u0131 e\u011fitimler veriliyor. Gen\u00e7lerin dijital tehditlere kar\u015f\u0131 bilin\u00e7li ve teknik kapasitesi y\u00fcksek bireyler olarak yeti\u015fmeleri hedefleniyor.<\/p>\n<p>Program \u00e7er\u00e7evesinde 5 g\u00fcn s\u00fcrecek \u201cBeyaz \u015eapkal\u0131 Hacker\u201d e\u011fitimi d\u00fczenleniyor. E\u011fitimde temel siber g\u00fcvenlik kavramlar\u0131, a\u011f ve sistem g\u00fcvenli\u011fi, zafiyet tarama ve etik hacking uygulamalar\u0131 ele al\u0131n\u0131yor.<\/p>\n<p>Ayr\u0131ca 2 g\u00fcnl\u00fck \u00e7evrim i\u00e7i CTF (Capture The Flag) haz\u0131rl\u0131k e\u011fitimiyle \u00f6\u011frencilerin analitik d\u00fc\u015f\u00fcnme ve siber olaylara h\u0131zl\u0131 m\u00fcdahale becerilerinin geli\u015ftirilmesi ama\u00e7lan\u0131yor.<\/p>\n","protected":false},"excerpt":{"rendered":"<p>Siber Vatan Projesi K\u0131r\u015fehir&#8217;de Ba\u015flad\u0131 Sanayi ve Teknoloji Bakanl\u0131\u011f\u0131 koordinasyonunda 81 ilde y\u00fcr\u00fct\u00fclen Siber Vatan Program\u0131, K\u0131r\u015fehir\u2019de y\u00fcz y\u00fcze e\u011fitimlerle ba\u015flad\u0131. Program, Ahiler Kalk\u0131nma Ajans\u0131 koordinasyonunda ve K\u0131r\u015fehir Ahi Evran \u00dcniversitesi i\u015f birli\u011fiyle ger\u00e7ekle\u015ftiriliyor. Siber g\u00fcvenlik alan\u0131nda nitelikli insan kayna\u011f\u0131 yeti\u015ftirmeyi ama\u00e7layan program kapsam\u0131nda \u00fcniversite \u00f6\u011frencilerine uygulamal\u0131 e\u011fitimler veriliyor. Gen\u00e7lerin dijital tehditlere kar\u015f\u0131 bilin\u00e7li ve [&hellip;]<\/p>\n","protected":false},"author":1,"featured_media":1769,"comment_status":"open","ping_status":"open","sticky":false,"template":"","format":"standard","meta":{"footnotes":""},"categories":[8,7],"tags":[],"class_list":["post-1768","post","type-post","status-publish","format-standard","has-post-thumbnail","hentry","category-kirsehir","category-turkiye"],"_links":{"self":[{"href":"https:\/\/www.kirsehirses.com\/index.php\/wp-json\/wp\/v2\/posts\/1768","targetHints":{"allow":["GET"]}}],"collection":[{"href":"https:\/\/www.kirsehirses.com\/index.php\/wp-json\/wp\/v2\/posts"}],"about":[{"href":"https:\/\/www.kirsehirses.com\/index.php\/wp-json\/wp\/v2\/types\/post"}],"author":[{"embeddable":true,"href":"https:\/\/www.kirsehirses.com\/index.php\/wp-json\/wp\/v2\/users\/1"}],"replies":[{"embeddable":true,"href":"https:\/\/www.kirsehirses.com\/index.php\/wp-json\/wp\/v2\/comments?post=1768"}],"version-history":[{"count":1,"href":"https:\/\/www.kirsehirses.com\/index.php\/wp-json\/wp\/v2\/posts\/1768\/revisions"}],"predecessor-version":[{"id":1770,"href":"https:\/\/www.kirsehirses.com\/index.php\/wp-json\/wp\/v2\/posts\/1768\/revisions\/1770"}],"wp:featuredmedia":[{"embeddable":true,"href":"https:\/\/www.kirsehirses.com\/index.php\/wp-json\/wp\/v2\/media\/1769"}],"wp:attachment":[{"href":"https:\/\/www.kirsehirses.com\/index.php\/wp-json\/wp\/v2\/media?parent=1768"}],"wp:term":[{"taxonomy":"category","embeddable":true,"href":"https:\/\/www.kirsehirses.com\/index.php\/wp-json\/wp\/v2\/categories?post=1768"},{"taxonomy":"post_tag","embeddable":true,"href":"https:\/\/www.kirsehirses.com\/index.php\/wp-json\/wp\/v2\/tags?post=1768"}],"curies":[{"name":"wp","href":"https:\/\/api.w.org\/{rel}","templated":true}]}}