{"id":1777,"date":"2026-03-03T04:01:57","date_gmt":"2026-03-03T01:01:57","guid":{"rendered":"https:\/\/www.kirsehirses.com\/?p=1777"},"modified":"2026-03-03T04:01:57","modified_gmt":"2026-03-03T01:01:57","slug":"kirsehir-tdv-kadin-gonullulerinden-dayanisma-50-yetim-cocuga-kislik-destek","status":"publish","type":"post","link":"https:\/\/www.kirsehirses.com\/index.php\/2026\/03\/03\/kirsehir-tdv-kadin-gonullulerinden-dayanisma-50-yetim-cocuga-kislik-destek\/","title":{"rendered":"K\u0131r\u015fehir TDV Kad\u0131n G\u00f6n\u00fcll\u00fclerinden Dayan\u0131\u015fma: 50 Yetim \u00c7ocu\u011fa K\u0131\u015fl\u0131k Destek"},"content":{"rendered":"<h3 data-start=\"0\" data-end=\"81\">K\u0131r\u015fehir TDV Kad\u0131n G\u00f6n\u00fcll\u00fclerinden Dayan\u0131\u015fma: 50 Yetim \u00c7ocu\u011fa K\u0131\u015fl\u0131k Destek<\/h3>\n<p data-start=\"83\" data-end=\"241\"><span class=\"hover:entity-accent entity-underline inline cursor-pointer align-baseline\"><span class=\"whitespace-normal\">T\u00fcrkiye Diyanet Vakf\u0131<\/span><\/span> K\u0131r\u015fehir Kad\u0131n G\u00f6n\u00fcll\u00fcleri, 2026 y\u0131l\u0131 \u201cK\u0131\u015f Bayram\u0131\u201d projesi kapsam\u0131nda 50 yetim \u00e7ocu\u011fa k\u0131\u015fl\u0131k k\u0131yafet deste\u011fi sa\u011flad\u0131.<\/p>\n<p data-start=\"243\" data-end=\"465\"><span class=\"hover:entity-accent entity-underline inline cursor-pointer align-baseline\"><span class=\"whitespace-normal\">K\u0131r\u015fehir<\/span><\/span>\u2019de y\u00fcr\u00fct\u00fclen \u00e7al\u0131\u015fma kapsam\u0131nda, ba\u011f\u0131\u015f\u00e7\u0131lar\u0131n katk\u0131lar\u0131n\u0131n yan\u0131 s\u0131ra g\u00f6n\u00fcll\u00fc kad\u0131nlar\u0131n haz\u0131rlad\u0131\u011f\u0131 \u00fcr\u00fcnlerin sat\u0131\u015f\u0131ndan elde edilen gelirler ihtiya\u00e7 sahibi \u00e7ocuklar i\u00e7in kullan\u0131ld\u0131.<\/p>\n<p data-start=\"467\" data-end=\"710\">Programa kat\u0131lan \u0130l M\u00fcft\u00fcs\u00fc <span class=\"hover:entity-accent entity-underline inline cursor-pointer align-baseline\"><span class=\"whitespace-normal\">Mustafa Tekin<\/span><\/span>, \u00e7ocuklarla yak\u0131ndan ilgilenerek desteklerinden dolay\u0131 g\u00f6n\u00fcll\u00fclere te\u015fekk\u00fcr etti. Yetkililer, hedeflerinin k\u0131\u015f d\u00f6nemi boyunca en az 100 yetim \u00e7ocu\u011fa ula\u015fmak oldu\u011funu belirtti.<\/p>\n<p data-start=\"712\" data-end=\"773\" data-is-last-node=\"\" data-is-only-node=\"\">Projelerin Ramazan ay\u0131 s\u00fcresince de devam edece\u011fi bildirildi.<\/p>\n","protected":false},"excerpt":{"rendered":"<p>K\u0131r\u015fehir TDV Kad\u0131n G\u00f6n\u00fcll\u00fclerinden Dayan\u0131\u015fma: 50 Yetim \u00c7ocu\u011fa K\u0131\u015fl\u0131k Destek T\u00fcrkiye Diyanet Vakf\u0131 K\u0131r\u015fehir Kad\u0131n G\u00f6n\u00fcll\u00fcleri, 2026 y\u0131l\u0131 \u201cK\u0131\u015f Bayram\u0131\u201d projesi kapsam\u0131nda 50 yetim \u00e7ocu\u011fa k\u0131\u015fl\u0131k k\u0131yafet deste\u011fi sa\u011flad\u0131. K\u0131r\u015fehir\u2019de y\u00fcr\u00fct\u00fclen \u00e7al\u0131\u015fma kapsam\u0131nda, ba\u011f\u0131\u015f\u00e7\u0131lar\u0131n katk\u0131lar\u0131n\u0131n yan\u0131 s\u0131ra g\u00f6n\u00fcll\u00fc kad\u0131nlar\u0131n haz\u0131rlad\u0131\u011f\u0131 \u00fcr\u00fcnlerin sat\u0131\u015f\u0131ndan elde edilen gelirler ihtiya\u00e7 sahibi \u00e7ocuklar i\u00e7in kullan\u0131ld\u0131. Programa kat\u0131lan \u0130l M\u00fcft\u00fcs\u00fc Mustafa [&hellip;]<\/p>\n","protected":false},"author":1,"featured_media":1778,"comment_status":"open","ping_status":"open","sticky":false,"template":"","format":"standard","meta":{"footnotes":""},"categories":[8],"tags":[],"class_list":["post-1777","post","type-post","status-publish","format-standard","has-post-thumbnail","hentry","category-kirsehir"],"_links":{"self":[{"href":"https:\/\/www.kirsehirses.com\/index.php\/wp-json\/wp\/v2\/posts\/1777","targetHints":{"allow":["GET"]}}],"collection":[{"href":"https:\/\/www.kirsehirses.com\/index.php\/wp-json\/wp\/v2\/posts"}],"about":[{"href":"https:\/\/www.kirsehirses.com\/index.php\/wp-json\/wp\/v2\/types\/post"}],"author":[{"embeddable":true,"href":"https:\/\/www.kirsehirses.com\/index.php\/wp-json\/wp\/v2\/users\/1"}],"replies":[{"embeddable":true,"href":"https:\/\/www.kirsehirses.com\/index.php\/wp-json\/wp\/v2\/comments?post=1777"}],"version-history":[{"count":1,"href":"https:\/\/www.kirsehirses.com\/index.php\/wp-json\/wp\/v2\/posts\/1777\/revisions"}],"predecessor-version":[{"id":1779,"href":"https:\/\/www.kirsehirses.com\/index.php\/wp-json\/wp\/v2\/posts\/1777\/revisions\/1779"}],"wp:featuredmedia":[{"embeddable":true,"href":"https:\/\/www.kirsehirses.com\/index.php\/wp-json\/wp\/v2\/media\/1778"}],"wp:attachment":[{"href":"https:\/\/www.kirsehirses.com\/index.php\/wp-json\/wp\/v2\/media?parent=1777"}],"wp:term":[{"taxonomy":"category","embeddable":true,"href":"https:\/\/www.kirsehirses.com\/index.php\/wp-json\/wp\/v2\/categories?post=1777"},{"taxonomy":"post_tag","embeddable":true,"href":"https:\/\/www.kirsehirses.com\/index.php\/wp-json\/wp\/v2\/tags?post=1777"}],"curies":[{"name":"wp","href":"https:\/\/api.w.org\/{rel}","templated":true}]}}