{"id":1780,"date":"2026-03-03T04:05:58","date_gmt":"2026-03-03T01:05:58","guid":{"rendered":"https:\/\/www.kirsehirses.com\/?p=1780"},"modified":"2026-03-03T04:05:58","modified_gmt":"2026-03-03T01:05:58","slug":"hiziraga-mahallesinde-silahli-saldiri","status":"publish","type":"post","link":"https:\/\/www.kirsehirses.com\/index.php\/2026\/03\/03\/hiziraga-mahallesinde-silahli-saldiri\/","title":{"rendered":"H\u0131z\u0131ra\u011fa Mahallesinde Silahl\u0131 Sald\u0131r\u0131"},"content":{"rendered":"<p><strong>H\u0131z\u0131ra\u011fa Mahallesinde Silahl\u0131 Sald\u0131r\u0131<\/strong><\/p>\n<p>K\u0131r\u015fehir merkez H\u0131z\u0131ra\u011fa mahallesinde ak\u015fam saatlerinde silahl\u0131 sald\u0131r\u0131 yap\u0131ld\u0131.<\/p>\n<p>H\u0131z\u0131ra\u011fa Camii yan\u0131ndaki parkta meydana gelen olayda, iddiaya g\u00f6re C.A. \u0130simli \u015fah\u0131s F.T.S\u2019yi kur\u015fun ya\u011fmuruna tuttu.<\/p>\n<p>V\u00fccuduna 5 kur\u015fun isabet eden F.T.S a\u011f\u0131r yaraland\u0131. Olay yerine Polis ve Sa\u011fl\u0131k ekipleri intikal ederek yaral\u0131 F.T.S yap\u0131lan ilk m\u00fcdahalenin ard\u0131ndanK\u0131r\u015fehir E\u011fitim ve Ara\u015ft\u0131rma Hastanesi\u2019ne kald\u0131r\u0131ld\u0131.<\/p>\n<p>Yo\u011fun bak\u0131mda tedavi alt\u0131na al\u0131nan F.T.S\u2019nin hayati tehlikesinin bulundu\u011fu bildirildi.<\/p>\n<p>Olay sonras\u0131 \u00e7al\u0131\u015fma ba\u015flatan emniyet ekipleri, sald\u0131r\u0131y\u0131 ger\u00e7ekle\u015ftirdi\u011fi iddia edilen C.A ile ona yard\u0131m etti\u011fi \u00f6ne s\u00fcr\u00fclen karde\u015fini k\u0131sa s\u00fcrede yakalayarak g\u00f6zalt\u0131na ald\u0131.<\/p>\n<p>Olayla ilgili soru\u015fturman\u0131n s\u00fcrd\u00fc\u011f\u00fc \u00f6\u011frenildi.<\/p>\n","protected":false},"excerpt":{"rendered":"<p>H\u0131z\u0131ra\u011fa Mahallesinde Silahl\u0131 Sald\u0131r\u0131 K\u0131r\u015fehir merkez H\u0131z\u0131ra\u011fa mahallesinde ak\u015fam saatlerinde silahl\u0131 sald\u0131r\u0131 yap\u0131ld\u0131. H\u0131z\u0131ra\u011fa Camii yan\u0131ndaki parkta meydana gelen olayda, iddiaya g\u00f6re C.A. \u0130simli \u015fah\u0131s F.T.S\u2019yi kur\u015fun ya\u011fmuruna tuttu. V\u00fccuduna 5 kur\u015fun isabet eden F.T.S a\u011f\u0131r yaraland\u0131. Olay yerine Polis ve Sa\u011fl\u0131k ekipleri intikal ederek yaral\u0131 F.T.S yap\u0131lan ilk m\u00fcdahalenin ard\u0131ndanK\u0131r\u015fehir E\u011fitim ve Ara\u015ft\u0131rma Hastanesi\u2019ne [&hellip;]<\/p>\n","protected":false},"author":1,"featured_media":1781,"comment_status":"open","ping_status":"open","sticky":false,"template":"","format":"standard","meta":{"footnotes":""},"categories":[8],"tags":[],"class_list":["post-1780","post","type-post","status-publish","format-standard","has-post-thumbnail","hentry","category-kirsehir"],"_links":{"self":[{"href":"https:\/\/www.kirsehirses.com\/index.php\/wp-json\/wp\/v2\/posts\/1780","targetHints":{"allow":["GET"]}}],"collection":[{"href":"https:\/\/www.kirsehirses.com\/index.php\/wp-json\/wp\/v2\/posts"}],"about":[{"href":"https:\/\/www.kirsehirses.com\/index.php\/wp-json\/wp\/v2\/types\/post"}],"author":[{"embeddable":true,"href":"https:\/\/www.kirsehirses.com\/index.php\/wp-json\/wp\/v2\/users\/1"}],"replies":[{"embeddable":true,"href":"https:\/\/www.kirsehirses.com\/index.php\/wp-json\/wp\/v2\/comments?post=1780"}],"version-history":[{"count":1,"href":"https:\/\/www.kirsehirses.com\/index.php\/wp-json\/wp\/v2\/posts\/1780\/revisions"}],"predecessor-version":[{"id":1782,"href":"https:\/\/www.kirsehirses.com\/index.php\/wp-json\/wp\/v2\/posts\/1780\/revisions\/1782"}],"wp:featuredmedia":[{"embeddable":true,"href":"https:\/\/www.kirsehirses.com\/index.php\/wp-json\/wp\/v2\/media\/1781"}],"wp:attachment":[{"href":"https:\/\/www.kirsehirses.com\/index.php\/wp-json\/wp\/v2\/media?parent=1780"}],"wp:term":[{"taxonomy":"category","embeddable":true,"href":"https:\/\/www.kirsehirses.com\/index.php\/wp-json\/wp\/v2\/categories?post=1780"},{"taxonomy":"post_tag","embeddable":true,"href":"https:\/\/www.kirsehirses.com\/index.php\/wp-json\/wp\/v2\/tags?post=1780"}],"curies":[{"name":"wp","href":"https:\/\/api.w.org\/{rel}","templated":true}]}}