{"id":1811,"date":"2026-03-06T05:10:20","date_gmt":"2026-03-06T02:10:20","guid":{"rendered":"https:\/\/www.kirsehirses.com\/?p=1811"},"modified":"2026-03-06T05:10:20","modified_gmt":"2026-03-06T02:10:20","slug":"nasuhdede-saglikli-hayat-merkezinden-4-mart-dunya-obezite-gunu-aciklamasi","status":"publish","type":"post","link":"https:\/\/www.kirsehirses.com\/index.php\/2026\/03\/06\/nasuhdede-saglikli-hayat-merkezinden-4-mart-dunya-obezite-gunu-aciklamasi\/","title":{"rendered":"Nasuhdede Sa\u011fl\u0131kl\u0131 Hayat Merkezi\u2019nden \u201c4 Mart D\u00fcnya Obezite G\u00fcn\u00fc\u201d A\u00e7\u0131klamas\u0131"},"content":{"rendered":"<h3 data-section-id=\"1dqvxee\" data-start=\"0\" data-end=\"82\">Nasuhdede Sa\u011fl\u0131kl\u0131 Hayat Merkezi\u2019nden \u201c4 Mart D\u00fcnya Obezite G\u00fcn\u00fc\u201d A\u00e7\u0131klamas\u0131<\/h3>\n<p data-start=\"84\" data-end=\"281\"><span class=\"hover:entity-accent entity-underline inline cursor-pointer align-baseline\"><span class=\"whitespace-normal\">K\u0131r\u015fehir \u0130l Sa\u011fl\u0131k M\u00fcd\u00fcrl\u00fc\u011f\u00fc<\/span><\/span> b\u00fcnyesinde hizmet veren Nasuhdede Sa\u011fl\u0131kl\u0131 Hayat Merkezi\u2019nde g\u00f6revli Diyetisyen Edanur \u00d6nay, <strong data-start=\"215\" data-end=\"244\">4 Mart D\u00fcnya Obezite G\u00fcn\u00fc<\/strong> kapsam\u0131nda bas\u0131n a\u00e7\u0131klamas\u0131 yapt\u0131.<\/p>\n<p data-start=\"283\" data-end=\"581\" data-is-last-node=\"\" data-is-only-node=\"\">A\u00e7\u0131klamada, obezitenin \u00f6nlenebilir bir halk sa\u011fl\u0131\u011f\u0131 sorunu oldu\u011funa dikkat \u00e7ekilerek; dengeli beslenme, d\u00fczenli fiziksel aktivite ve sa\u011fl\u0131kl\u0131 ya\u015fam al\u0131\u015fkanl\u0131klar\u0131n\u0131n \u00f6nemine vurgu yap\u0131ld\u0131. Vatanda\u015flar\u0131n, sa\u011fl\u0131kl\u0131 hayat merkezlerinden \u00fccretsiz beslenme dan\u0131\u015fmanl\u0131\u011f\u0131 hizmeti alabilece\u011fi hat\u0131rlat\u0131ld\u0131.<\/p>\n","protected":false},"excerpt":{"rendered":"<p>Nasuhdede Sa\u011fl\u0131kl\u0131 Hayat Merkezi\u2019nden \u201c4 Mart D\u00fcnya Obezite G\u00fcn\u00fc\u201d A\u00e7\u0131klamas\u0131 K\u0131r\u015fehir \u0130l Sa\u011fl\u0131k M\u00fcd\u00fcrl\u00fc\u011f\u00fc b\u00fcnyesinde hizmet veren Nasuhdede Sa\u011fl\u0131kl\u0131 Hayat Merkezi\u2019nde g\u00f6revli Diyetisyen Edanur \u00d6nay, 4 Mart D\u00fcnya Obezite G\u00fcn\u00fc kapsam\u0131nda bas\u0131n a\u00e7\u0131klamas\u0131 yapt\u0131. A\u00e7\u0131klamada, obezitenin \u00f6nlenebilir bir halk sa\u011fl\u0131\u011f\u0131 sorunu oldu\u011funa dikkat \u00e7ekilerek; dengeli beslenme, d\u00fczenli fiziksel aktivite ve sa\u011fl\u0131kl\u0131 ya\u015fam al\u0131\u015fkanl\u0131klar\u0131n\u0131n \u00f6nemine vurgu [&hellip;]<\/p>\n","protected":false},"author":1,"featured_media":1812,"comment_status":"open","ping_status":"open","sticky":false,"template":"","format":"standard","meta":{"footnotes":""},"categories":[11],"tags":[],"class_list":["post-1811","post","type-post","status-publish","format-standard","has-post-thumbnail","hentry","category-saglik"],"_links":{"self":[{"href":"https:\/\/www.kirsehirses.com\/index.php\/wp-json\/wp\/v2\/posts\/1811","targetHints":{"allow":["GET"]}}],"collection":[{"href":"https:\/\/www.kirsehirses.com\/index.php\/wp-json\/wp\/v2\/posts"}],"about":[{"href":"https:\/\/www.kirsehirses.com\/index.php\/wp-json\/wp\/v2\/types\/post"}],"author":[{"embeddable":true,"href":"https:\/\/www.kirsehirses.com\/index.php\/wp-json\/wp\/v2\/users\/1"}],"replies":[{"embeddable":true,"href":"https:\/\/www.kirsehirses.com\/index.php\/wp-json\/wp\/v2\/comments?post=1811"}],"version-history":[{"count":1,"href":"https:\/\/www.kirsehirses.com\/index.php\/wp-json\/wp\/v2\/posts\/1811\/revisions"}],"predecessor-version":[{"id":1813,"href":"https:\/\/www.kirsehirses.com\/index.php\/wp-json\/wp\/v2\/posts\/1811\/revisions\/1813"}],"wp:featuredmedia":[{"embeddable":true,"href":"https:\/\/www.kirsehirses.com\/index.php\/wp-json\/wp\/v2\/media\/1812"}],"wp:attachment":[{"href":"https:\/\/www.kirsehirses.com\/index.php\/wp-json\/wp\/v2\/media?parent=1811"}],"wp:term":[{"taxonomy":"category","embeddable":true,"href":"https:\/\/www.kirsehirses.com\/index.php\/wp-json\/wp\/v2\/categories?post=1811"},{"taxonomy":"post_tag","embeddable":true,"href":"https:\/\/www.kirsehirses.com\/index.php\/wp-json\/wp\/v2\/tags?post=1811"}],"curies":[{"name":"wp","href":"https:\/\/api.w.org\/{rel}","templated":true}]}}