{"id":1833,"date":"2026-03-09T04:37:25","date_gmt":"2026-03-09T01:37:25","guid":{"rendered":"https:\/\/www.kirsehirses.com\/?p=1833"},"modified":"2026-03-09T04:37:25","modified_gmt":"2026-03-09T01:37:25","slug":"kamanda-surdurulebilir-tarim-konusuldu","status":"publish","type":"post","link":"https:\/\/www.kirsehirses.com\/index.php\/2026\/03\/09\/kamanda-surdurulebilir-tarim-konusuldu\/","title":{"rendered":"Kaman\u2019da S\u00fcrd\u00fcr\u00fclebilir Tar\u0131m Konu\u015fuldu"},"content":{"rendered":"<p><strong>Kaman\u2019da S\u00fcrd\u00fcr\u00fclebilir Tar\u0131m Konu\u015fuldu<\/strong><\/p>\n<p>K\u0131r\u015fehir Ahi Evran \u00dcniversitesi taraf\u0131ndan \u201c20 Y\u0131ll\u0131k Akademik Birikim K\u0131r\u015fehir\u2019in Gelece\u011fiyle Bulu\u015fuyor\u201d mottosuyla ba\u015flat\u0131lan \u201cAkademi Sahada\u201d etkinliklerinin Kaman oturumu ger\u00e7ekle\u015ftirildi.<\/p>\n<p>Kaman Belediyesi toplant\u0131 salonunda yap\u0131lan programa akademisyenler, yerel y\u00f6neticiler ve \u00e7ok say\u0131da \u00fcretici kat\u0131ld\u0131. Programda Prof. Dr. R\u00fc\u015ft\u00fc Hatipo\u011flu, Prof. Dr. Selahattin \u00c7\u0131nar, Prof. Dr. Ya\u015far Ert\u00fcrk, Prof. Dr. Emre \u015eirin, Do\u00e7. Dr. Ramazan Ayranc\u0131 ve Do\u00e7. Dr. Ertu\u011frul Kul konu\u015fmac\u0131 olarak yer ald\u0131.<\/p>\n<p>Etkinli\u011fin a\u00e7\u0131l\u0131\u015f\u0131nda konu\u015fan Bilim \u0130leti\u015fimi Ofisi Ba\u015fkan\u0131 Dr. \u00d6\u011fr. \u00dcyesi Muzaffer Musab Y\u0131lmaz, \u00fcniversitede \u00fcretilen bilimsel bilginin sahadaki \u00fcreticilere ula\u015ft\u0131r\u0131lmas\u0131n\u0131n ama\u00e7land\u0131\u011f\u0131n\u0131 belirtti. Ziraat Fak\u00fcltesi Dekan\u0131 Prof. Dr. Selahattin \u00c7\u0131nar ise akademik bilgi ile uygulaman\u0131n bulu\u015fmas\u0131n\u0131n Kaman\u2019\u0131n tar\u0131msal potansiyeline katk\u0131 sa\u011flayaca\u011f\u0131n\u0131 ifade etti.<\/p>\n<p>Programda Prof. Dr. R\u00fc\u015ft\u00fc Hatipo\u011flu, Kaman\u2019\u0131n tar\u0131m ve hayvanc\u0131l\u0131k verilerini de\u011ferlendirerek s\u00fcrd\u00fcr\u00fclebilir \u00fcretim i\u00e7in yap\u0131lmas\u0131 gerekenleri anlatt\u0131. Ayr\u0131ca iklim de\u011fi\u015fikli\u011finin tar\u0131msal \u00fcretime etkileri ve ekim planlamas\u0131 da toplant\u0131n\u0131n \u00f6ne \u00e7\u0131kan ba\u015fl\u0131klar\u0131 aras\u0131nda yer ald\u0131.<\/p>\n","protected":false},"excerpt":{"rendered":"<p>Kaman\u2019da S\u00fcrd\u00fcr\u00fclebilir Tar\u0131m Konu\u015fuldu K\u0131r\u015fehir Ahi Evran \u00dcniversitesi taraf\u0131ndan \u201c20 Y\u0131ll\u0131k Akademik Birikim K\u0131r\u015fehir\u2019in Gelece\u011fiyle Bulu\u015fuyor\u201d mottosuyla ba\u015flat\u0131lan \u201cAkademi Sahada\u201d etkinliklerinin Kaman oturumu ger\u00e7ekle\u015ftirildi. Kaman Belediyesi toplant\u0131 salonunda yap\u0131lan programa akademisyenler, yerel y\u00f6neticiler ve \u00e7ok say\u0131da \u00fcretici kat\u0131ld\u0131. Programda Prof. Dr. R\u00fc\u015ft\u00fc Hatipo\u011flu, Prof. Dr. Selahattin \u00c7\u0131nar, Prof. Dr. Ya\u015far Ert\u00fcrk, Prof. Dr. Emre \u015eirin, [&hellip;]<\/p>\n","protected":false},"author":1,"featured_media":1834,"comment_status":"open","ping_status":"open","sticky":false,"template":"","format":"standard","meta":{"footnotes":""},"categories":[10,8],"tags":[],"class_list":["post-1833","post","type-post","status-publish","format-standard","has-post-thumbnail","hentry","category-egitim","category-kirsehir"],"_links":{"self":[{"href":"https:\/\/www.kirsehirses.com\/index.php\/wp-json\/wp\/v2\/posts\/1833","targetHints":{"allow":["GET"]}}],"collection":[{"href":"https:\/\/www.kirsehirses.com\/index.php\/wp-json\/wp\/v2\/posts"}],"about":[{"href":"https:\/\/www.kirsehirses.com\/index.php\/wp-json\/wp\/v2\/types\/post"}],"author":[{"embeddable":true,"href":"https:\/\/www.kirsehirses.com\/index.php\/wp-json\/wp\/v2\/users\/1"}],"replies":[{"embeddable":true,"href":"https:\/\/www.kirsehirses.com\/index.php\/wp-json\/wp\/v2\/comments?post=1833"}],"version-history":[{"count":1,"href":"https:\/\/www.kirsehirses.com\/index.php\/wp-json\/wp\/v2\/posts\/1833\/revisions"}],"predecessor-version":[{"id":1835,"href":"https:\/\/www.kirsehirses.com\/index.php\/wp-json\/wp\/v2\/posts\/1833\/revisions\/1835"}],"wp:featuredmedia":[{"embeddable":true,"href":"https:\/\/www.kirsehirses.com\/index.php\/wp-json\/wp\/v2\/media\/1834"}],"wp:attachment":[{"href":"https:\/\/www.kirsehirses.com\/index.php\/wp-json\/wp\/v2\/media?parent=1833"}],"wp:term":[{"taxonomy":"category","embeddable":true,"href":"https:\/\/www.kirsehirses.com\/index.php\/wp-json\/wp\/v2\/categories?post=1833"},{"taxonomy":"post_tag","embeddable":true,"href":"https:\/\/www.kirsehirses.com\/index.php\/wp-json\/wp\/v2\/tags?post=1833"}],"curies":[{"name":"wp","href":"https:\/\/api.w.org\/{rel}","templated":true}]}}