{"id":1839,"date":"2026-03-09T04:43:09","date_gmt":"2026-03-09T01:43:09","guid":{"rendered":"https:\/\/www.kirsehirses.com\/?p=1839"},"modified":"2026-03-09T04:43:09","modified_gmt":"2026-03-09T01:43:09","slug":"kirsehir-spor-lisesi-ogrencisi-turkiye-birincisi-oldu","status":"publish","type":"post","link":"https:\/\/www.kirsehirses.com\/index.php\/2026\/03\/09\/kirsehir-spor-lisesi-ogrencisi-turkiye-birincisi-oldu\/","title":{"rendered":"K\u0131r\u015fehir Spor Lisesi \u00d6\u011frencisi T\u00fcrkiye Birincisi Oldu"},"content":{"rendered":"<p data-start=\"0\" data-end=\"57\"><strong data-start=\"0\" data-end=\"57\">K\u0131r\u015fehir Spor Lisesi \u00d6\u011frencisi T\u00fcrkiye Birincisi Oldu<\/strong><\/p>\n<p data-start=\"59\" data-end=\"194\">Tokat\u2019ta d\u00fczenlenen Taekwondo Gen\u00e7ler Grup M\u00fcsabakalar\u0131nda K\u0131r\u015fehir Spor Lisesi \u00f6\u011frencisi <strong data-start=\"149\" data-end=\"164\">Eyl\u00fcl T\u0131ra\u015f<\/strong>\u00a0b\u00fcy\u00fck bir ba\u015far\u0131ya imza att\u0131.<\/p>\n<p data-start=\"196\" data-end=\"372\">G\u00f6sterdi\u011fi \u00fcst\u00fcn performansla <strong data-start=\"226\" data-end=\"247\">T\u00fcrkiye birincisi<\/strong> olan Eyl\u00fcl T\u0131ra\u015f, hem okulunu hem de K\u0131r\u015fehir\u2019i gururland\u0131rd\u0131. \u00d6\u011frenci, elde etti\u011fi bu ba\u015far\u0131yla \u00f6nemli bir dereceye ula\u015ft\u0131.<\/p>\n<p data-start=\"374\" data-end=\"481\" data-is-last-node=\"\" data-is-only-node=\"\">Ba\u015far\u0131l\u0131 sporcu ile eme\u011fi ge\u00e7en \u00f6\u011fretmen ve antren\u00f6rleri tebrik edilerek ba\u015far\u0131lar\u0131n\u0131n devam\u0131 dilendi. \ud83e\udd4b\ud83c\udfc6<\/p>\n","protected":false},"excerpt":{"rendered":"<p>K\u0131r\u015fehir Spor Lisesi \u00d6\u011frencisi T\u00fcrkiye Birincisi Oldu Tokat\u2019ta d\u00fczenlenen Taekwondo Gen\u00e7ler Grup M\u00fcsabakalar\u0131nda K\u0131r\u015fehir Spor Lisesi \u00f6\u011frencisi Eyl\u00fcl T\u0131ra\u015f\u00a0b\u00fcy\u00fck bir ba\u015far\u0131ya imza att\u0131. G\u00f6sterdi\u011fi \u00fcst\u00fcn performansla T\u00fcrkiye birincisi olan Eyl\u00fcl T\u0131ra\u015f, hem okulunu hem de K\u0131r\u015fehir\u2019i gururland\u0131rd\u0131. \u00d6\u011frenci, elde etti\u011fi bu ba\u015far\u0131yla \u00f6nemli bir dereceye ula\u015ft\u0131. Ba\u015far\u0131l\u0131 sporcu ile eme\u011fi ge\u00e7en \u00f6\u011fretmen ve antren\u00f6rleri tebrik [&hellip;]<\/p>\n","protected":false},"author":1,"featured_media":1840,"comment_status":"open","ping_status":"open","sticky":false,"template":"","format":"standard","meta":{"footnotes":""},"categories":[4],"tags":[],"class_list":["post-1839","post","type-post","status-publish","format-standard","has-post-thumbnail","hentry","category-spor"],"_links":{"self":[{"href":"https:\/\/www.kirsehirses.com\/index.php\/wp-json\/wp\/v2\/posts\/1839","targetHints":{"allow":["GET"]}}],"collection":[{"href":"https:\/\/www.kirsehirses.com\/index.php\/wp-json\/wp\/v2\/posts"}],"about":[{"href":"https:\/\/www.kirsehirses.com\/index.php\/wp-json\/wp\/v2\/types\/post"}],"author":[{"embeddable":true,"href":"https:\/\/www.kirsehirses.com\/index.php\/wp-json\/wp\/v2\/users\/1"}],"replies":[{"embeddable":true,"href":"https:\/\/www.kirsehirses.com\/index.php\/wp-json\/wp\/v2\/comments?post=1839"}],"version-history":[{"count":1,"href":"https:\/\/www.kirsehirses.com\/index.php\/wp-json\/wp\/v2\/posts\/1839\/revisions"}],"predecessor-version":[{"id":1841,"href":"https:\/\/www.kirsehirses.com\/index.php\/wp-json\/wp\/v2\/posts\/1839\/revisions\/1841"}],"wp:featuredmedia":[{"embeddable":true,"href":"https:\/\/www.kirsehirses.com\/index.php\/wp-json\/wp\/v2\/media\/1840"}],"wp:attachment":[{"href":"https:\/\/www.kirsehirses.com\/index.php\/wp-json\/wp\/v2\/media?parent=1839"}],"wp:term":[{"taxonomy":"category","embeddable":true,"href":"https:\/\/www.kirsehirses.com\/index.php\/wp-json\/wp\/v2\/categories?post=1839"},{"taxonomy":"post_tag","embeddable":true,"href":"https:\/\/www.kirsehirses.com\/index.php\/wp-json\/wp\/v2\/tags?post=1839"}],"curies":[{"name":"wp","href":"https:\/\/api.w.org\/{rel}","templated":true}]}}