{"id":1848,"date":"2026-03-09T23:26:28","date_gmt":"2026-03-09T20:26:28","guid":{"rendered":"https:\/\/www.kirsehirses.com\/?p=1848"},"modified":"2026-03-09T23:26:28","modified_gmt":"2026-03-09T20:26:28","slug":"kirsehirde-koruyucu-aileler-iftar-programinda-bulustu","status":"publish","type":"post","link":"https:\/\/www.kirsehirses.com\/index.php\/2026\/03\/09\/kirsehirde-koruyucu-aileler-iftar-programinda-bulustu\/","title":{"rendered":"K\u0131r\u015fehir&#8217;de Koruyucu Aileler \u0130ftar Program\u0131nda Bulu\u015ftu"},"content":{"rendered":"<p><strong>K\u0131r\u015fehir&#8217;de Koruyucu Aileler \u0130ftar Program\u0131nda Bulu\u015ftu<\/strong><\/p>\n<p>K\u0131r\u015fehir\u2019de koruyucu aileler, d\u00fczenlenen iftar program\u0131nda bir araya geldi. Programda koruyucu aile hizmetinin \u00e7ocuklar\u0131n sevgi dolu bir aile ortam\u0131nda b\u00fcy\u00fcmesi a\u00e7\u0131s\u0131ndan b\u00fcy\u00fck \u00f6nem ta\u015f\u0131d\u0131\u011f\u0131 vurguland\u0131.<\/p>\n<p>Bir \u00e7ocu\u011fun hayat\u0131na dokunman\u0131n ayn\u0131 zamanda toplumun gelece\u011fine yap\u0131lan de\u011ferli bir yat\u0131r\u0131m oldu\u011fu ifade edilirken, koruyucu ailelere emekleri ve fedak\u00e2rl\u0131klar\u0131 i\u00e7in te\u015fekk\u00fcr edilerek Ramazan aylar\u0131 tebrik edildi.<\/p>\n","protected":false},"excerpt":{"rendered":"<p>K\u0131r\u015fehir&#8217;de Koruyucu Aileler \u0130ftar Program\u0131nda Bulu\u015ftu K\u0131r\u015fehir\u2019de koruyucu aileler, d\u00fczenlenen iftar program\u0131nda bir araya geldi. Programda koruyucu aile hizmetinin \u00e7ocuklar\u0131n sevgi dolu bir aile ortam\u0131nda b\u00fcy\u00fcmesi a\u00e7\u0131s\u0131ndan b\u00fcy\u00fck \u00f6nem ta\u015f\u0131d\u0131\u011f\u0131 vurguland\u0131. Bir \u00e7ocu\u011fun hayat\u0131na dokunman\u0131n ayn\u0131 zamanda toplumun gelece\u011fine yap\u0131lan de\u011ferli bir yat\u0131r\u0131m oldu\u011fu ifade edilirken, koruyucu ailelere emekleri ve fedak\u00e2rl\u0131klar\u0131 i\u00e7in te\u015fekk\u00fcr edilerek Ramazan [&hellip;]<\/p>\n","protected":false},"author":1,"featured_media":1849,"comment_status":"open","ping_status":"open","sticky":false,"template":"","format":"standard","meta":{"footnotes":""},"categories":[8],"tags":[],"class_list":["post-1848","post","type-post","status-publish","format-standard","has-post-thumbnail","hentry","category-kirsehir"],"_links":{"self":[{"href":"https:\/\/www.kirsehirses.com\/index.php\/wp-json\/wp\/v2\/posts\/1848","targetHints":{"allow":["GET"]}}],"collection":[{"href":"https:\/\/www.kirsehirses.com\/index.php\/wp-json\/wp\/v2\/posts"}],"about":[{"href":"https:\/\/www.kirsehirses.com\/index.php\/wp-json\/wp\/v2\/types\/post"}],"author":[{"embeddable":true,"href":"https:\/\/www.kirsehirses.com\/index.php\/wp-json\/wp\/v2\/users\/1"}],"replies":[{"embeddable":true,"href":"https:\/\/www.kirsehirses.com\/index.php\/wp-json\/wp\/v2\/comments?post=1848"}],"version-history":[{"count":1,"href":"https:\/\/www.kirsehirses.com\/index.php\/wp-json\/wp\/v2\/posts\/1848\/revisions"}],"predecessor-version":[{"id":1850,"href":"https:\/\/www.kirsehirses.com\/index.php\/wp-json\/wp\/v2\/posts\/1848\/revisions\/1850"}],"wp:featuredmedia":[{"embeddable":true,"href":"https:\/\/www.kirsehirses.com\/index.php\/wp-json\/wp\/v2\/media\/1849"}],"wp:attachment":[{"href":"https:\/\/www.kirsehirses.com\/index.php\/wp-json\/wp\/v2\/media?parent=1848"}],"wp:term":[{"taxonomy":"category","embeddable":true,"href":"https:\/\/www.kirsehirses.com\/index.php\/wp-json\/wp\/v2\/categories?post=1848"},{"taxonomy":"post_tag","embeddable":true,"href":"https:\/\/www.kirsehirses.com\/index.php\/wp-json\/wp\/v2\/tags?post=1848"}],"curies":[{"name":"wp","href":"https:\/\/api.w.org\/{rel}","templated":true}]}}