{"id":1860,"date":"2026-03-09T23:44:03","date_gmt":"2026-03-09T20:44:03","guid":{"rendered":"https:\/\/www.kirsehirses.com\/?p=1860"},"modified":"2026-03-09T23:44:03","modified_gmt":"2026-03-09T20:44:03","slug":"kirsehir-seyfe-golunde-cevre-temizligi-yapildi","status":"publish","type":"post","link":"https:\/\/www.kirsehirses.com\/index.php\/2026\/03\/09\/kirsehir-seyfe-golunde-cevre-temizligi-yapildi\/","title":{"rendered":"K\u0131r\u015fehir Seyfe G\u00f6l\u00fc&#8217;nde \u00c7evre Temizli\u011fi Yap\u0131ld\u0131"},"content":{"rendered":"<p><strong>K\u0131r\u015fehir Seyfe G\u00f6l\u00fc&#8217;nde \u00c7evre Temizli\u011fi Yap\u0131ld\u0131<\/strong><\/p>\n<p>K\u0131r\u015fehir Do\u011fa Koruma ve Milli Parklar M\u00fcd\u00fcrl\u00fc\u011f\u00fc ile \u0130\u015eKUR \u0130UP ekipleri taraf\u0131ndan Seyfe G\u00f6l\u00fc Sulak Alan\u0131\u2019nda \u00e7evre temizli\u011fi \u00e7al\u0131\u015fmas\u0131 ger\u00e7ekle\u015ftirildi.<\/p>\n<p>Yaban hayat\u0131 a\u00e7\u0131s\u0131ndan b\u00fcy\u00fck \u00f6nem ta\u015f\u0131yan b\u00f6lgede yap\u0131lan temizlik \u00e7al\u0131\u015fmalar\u0131yla do\u011fal ya\u015fam\u0131n korunmas\u0131 ve \u00e7evre bilincinin art\u0131r\u0131lmas\u0131 hedefleniyor. Yetkililer, do\u011fay\u0131 koruman\u0131n herkesin sorumlulu\u011fu oldu\u011funu vurgulad\u0131.<\/p>\n","protected":false},"excerpt":{"rendered":"<p>K\u0131r\u015fehir Seyfe G\u00f6l\u00fc&#8217;nde \u00c7evre Temizli\u011fi Yap\u0131ld\u0131 K\u0131r\u015fehir Do\u011fa Koruma ve Milli Parklar M\u00fcd\u00fcrl\u00fc\u011f\u00fc ile \u0130\u015eKUR \u0130UP ekipleri taraf\u0131ndan Seyfe G\u00f6l\u00fc Sulak Alan\u0131\u2019nda \u00e7evre temizli\u011fi \u00e7al\u0131\u015fmas\u0131 ger\u00e7ekle\u015ftirildi. Yaban hayat\u0131 a\u00e7\u0131s\u0131ndan b\u00fcy\u00fck \u00f6nem ta\u015f\u0131yan b\u00f6lgede yap\u0131lan temizlik \u00e7al\u0131\u015fmalar\u0131yla do\u011fal ya\u015fam\u0131n korunmas\u0131 ve \u00e7evre bilincinin art\u0131r\u0131lmas\u0131 hedefleniyor. Yetkililer, do\u011fay\u0131 koruman\u0131n herkesin sorumlulu\u011fu oldu\u011funu vurgulad\u0131.<\/p>\n","protected":false},"author":1,"featured_media":1861,"comment_status":"open","ping_status":"open","sticky":false,"template":"","format":"standard","meta":{"footnotes":""},"categories":[8],"tags":[],"class_list":["post-1860","post","type-post","status-publish","format-standard","has-post-thumbnail","hentry","category-kirsehir"],"_links":{"self":[{"href":"https:\/\/www.kirsehirses.com\/index.php\/wp-json\/wp\/v2\/posts\/1860","targetHints":{"allow":["GET"]}}],"collection":[{"href":"https:\/\/www.kirsehirses.com\/index.php\/wp-json\/wp\/v2\/posts"}],"about":[{"href":"https:\/\/www.kirsehirses.com\/index.php\/wp-json\/wp\/v2\/types\/post"}],"author":[{"embeddable":true,"href":"https:\/\/www.kirsehirses.com\/index.php\/wp-json\/wp\/v2\/users\/1"}],"replies":[{"embeddable":true,"href":"https:\/\/www.kirsehirses.com\/index.php\/wp-json\/wp\/v2\/comments?post=1860"}],"version-history":[{"count":1,"href":"https:\/\/www.kirsehirses.com\/index.php\/wp-json\/wp\/v2\/posts\/1860\/revisions"}],"predecessor-version":[{"id":1862,"href":"https:\/\/www.kirsehirses.com\/index.php\/wp-json\/wp\/v2\/posts\/1860\/revisions\/1862"}],"wp:featuredmedia":[{"embeddable":true,"href":"https:\/\/www.kirsehirses.com\/index.php\/wp-json\/wp\/v2\/media\/1861"}],"wp:attachment":[{"href":"https:\/\/www.kirsehirses.com\/index.php\/wp-json\/wp\/v2\/media?parent=1860"}],"wp:term":[{"taxonomy":"category","embeddable":true,"href":"https:\/\/www.kirsehirses.com\/index.php\/wp-json\/wp\/v2\/categories?post=1860"},{"taxonomy":"post_tag","embeddable":true,"href":"https:\/\/www.kirsehirses.com\/index.php\/wp-json\/wp\/v2\/tags?post=1860"}],"curies":[{"name":"wp","href":"https:\/\/api.w.org\/{rel}","templated":true}]}}