{"id":1863,"date":"2026-03-09T23:46:55","date_gmt":"2026-03-09T20:46:55","guid":{"rendered":"https:\/\/www.kirsehirses.com\/?p=1863"},"modified":"2026-03-09T23:46:55","modified_gmt":"2026-03-09T20:46:55","slug":"mucur-devlet-hastanesinde-endoskopi-unitesi-aciliyor","status":"publish","type":"post","link":"https:\/\/www.kirsehirses.com\/index.php\/2026\/03\/09\/mucur-devlet-hastanesinde-endoskopi-unitesi-aciliyor\/","title":{"rendered":"Mucur Devlet Hastanesi&#8217;nde Endoskopi \u00dcnitesi A\u00e7\u0131l\u0131yor"},"content":{"rendered":"<p><strong>Mucur Devlet Hastanesi&#8217;nde Endoskopi \u00dcnitesi A\u00e7\u0131l\u0131yor<\/strong><\/p>\n<p>K\u0131r\u015fehir Valisi Murat Sefa Demiry\u00fcrek, Mucur Devlet Hastanesi\u2019nde yak\u0131n zamanda hizmete a\u00e7\u0131lacak Endoskopi \u00dcnitesini yerinde inceledi. \u00dcnitede g\u00f6revli hekim ve sa\u011fl\u0131k \u00e7al\u0131\u015fanlar\u0131yla bir araya gelen Vali Demiry\u00fcrek, y\u00fcr\u00fct\u00fclen \u00e7al\u0131\u015fmalar hakk\u0131nda bilgi ald\u0131.<\/p>\n<p>Endoskopi \u00fcnitesinin hizmete girmesiyle birlikte vatanda\u015flar bu sa\u011fl\u0131k hizmetinden kendi il\u00e7elerinde yararlanabilecek. B\u00f6ylece hastanenin tan\u0131 ve tedavi kapasitesi artarken, K\u0131r\u015fehir E\u011fitim ve Ara\u015ft\u0131rma Hastanesi\u2019nin hasta y\u00fck\u00fcn\u00fcn de azalmas\u0131 hedefleniyor.<\/p>\n<p>Ziyarete Mucur Kaymakam Vekili Abdulhamit Bayram, \u0130l Sa\u011fl\u0131k M\u00fcd\u00fcr\u00fc Do\u00e7. Dr. S\u00fcleyman Ersoy ve sa\u011fl\u0131k y\u00f6neticileri de kat\u0131ld\u0131. Vali Demiry\u00fcrek, \u00fcnitenin hay\u0131rl\u0131 olmas\u0131n\u0131 dileyerek sa\u011fl\u0131k \u00e7al\u0131\u015fanlar\u0131na g\u00f6revlerinde ba\u015far\u0131lar temennisinde bulundu.<\/p>\n","protected":false},"excerpt":{"rendered":"<p>Mucur Devlet Hastanesi&#8217;nde Endoskopi \u00dcnitesi A\u00e7\u0131l\u0131yor K\u0131r\u015fehir Valisi Murat Sefa Demiry\u00fcrek, Mucur Devlet Hastanesi\u2019nde yak\u0131n zamanda hizmete a\u00e7\u0131lacak Endoskopi \u00dcnitesini yerinde inceledi. \u00dcnitede g\u00f6revli hekim ve sa\u011fl\u0131k \u00e7al\u0131\u015fanlar\u0131yla bir araya gelen Vali Demiry\u00fcrek, y\u00fcr\u00fct\u00fclen \u00e7al\u0131\u015fmalar hakk\u0131nda bilgi ald\u0131. Endoskopi \u00fcnitesinin hizmete girmesiyle birlikte vatanda\u015flar bu sa\u011fl\u0131k hizmetinden kendi il\u00e7elerinde yararlanabilecek. B\u00f6ylece hastanenin tan\u0131 ve tedavi [&hellip;]<\/p>\n","protected":false},"author":1,"featured_media":1864,"comment_status":"open","ping_status":"open","sticky":false,"template":"","format":"standard","meta":{"footnotes":""},"categories":[11],"tags":[],"class_list":["post-1863","post","type-post","status-publish","format-standard","has-post-thumbnail","hentry","category-saglik"],"_links":{"self":[{"href":"https:\/\/www.kirsehirses.com\/index.php\/wp-json\/wp\/v2\/posts\/1863","targetHints":{"allow":["GET"]}}],"collection":[{"href":"https:\/\/www.kirsehirses.com\/index.php\/wp-json\/wp\/v2\/posts"}],"about":[{"href":"https:\/\/www.kirsehirses.com\/index.php\/wp-json\/wp\/v2\/types\/post"}],"author":[{"embeddable":true,"href":"https:\/\/www.kirsehirses.com\/index.php\/wp-json\/wp\/v2\/users\/1"}],"replies":[{"embeddable":true,"href":"https:\/\/www.kirsehirses.com\/index.php\/wp-json\/wp\/v2\/comments?post=1863"}],"version-history":[{"count":1,"href":"https:\/\/www.kirsehirses.com\/index.php\/wp-json\/wp\/v2\/posts\/1863\/revisions"}],"predecessor-version":[{"id":1865,"href":"https:\/\/www.kirsehirses.com\/index.php\/wp-json\/wp\/v2\/posts\/1863\/revisions\/1865"}],"wp:featuredmedia":[{"embeddable":true,"href":"https:\/\/www.kirsehirses.com\/index.php\/wp-json\/wp\/v2\/media\/1864"}],"wp:attachment":[{"href":"https:\/\/www.kirsehirses.com\/index.php\/wp-json\/wp\/v2\/media?parent=1863"}],"wp:term":[{"taxonomy":"category","embeddable":true,"href":"https:\/\/www.kirsehirses.com\/index.php\/wp-json\/wp\/v2\/categories?post=1863"},{"taxonomy":"post_tag","embeddable":true,"href":"https:\/\/www.kirsehirses.com\/index.php\/wp-json\/wp\/v2\/tags?post=1863"}],"curies":[{"name":"wp","href":"https:\/\/api.w.org\/{rel}","templated":true}]}}