{"id":1869,"date":"2026-03-11T02:45:43","date_gmt":"2026-03-10T23:45:43","guid":{"rendered":"https:\/\/www.kirsehirses.com\/?p=1869"},"modified":"2026-03-11T02:45:43","modified_gmt":"2026-03-10T23:45:43","slug":"kirsehirde-genc-sanatcilar-ayni-sahnede-bulusacak","status":"publish","type":"post","link":"https:\/\/www.kirsehirses.com\/index.php\/2026\/03\/11\/kirsehirde-genc-sanatcilar-ayni-sahnede-bulusacak\/","title":{"rendered":"K\u0131r\u015fehir&#8217;de Gen\u00e7 Sanat\u00e7\u0131lar Ayn\u0131 Sahnede Bulu\u015facak"},"content":{"rendered":"<p><strong>Gen\u00e7 Sanat\u00e7\u0131lar Ayn\u0131 Sahnede Bulu\u015facak<\/strong><\/p>\n<p>K\u0131r\u015fehir\u2019de m\u00fczik e\u011fitimi alan \u00f6\u011frenciler, \u201cAnadolu\u2019nun \u00d6z\u00fc, G\u00fczel Sanatlar\u0131n S\u00f6z\u00fc\u201d projesi kapsam\u0131nda ayn\u0131 sahnede bulu\u015fmaya haz\u0131rlan\u0131yor.<\/p>\n<p>Muharrem Erta\u015f G\u00fczel Sanatlar M\u00fczik Ortaokulu ile Ne\u015fet Erta\u015f G\u00fczel Sanatlar Lisesi \u00f6\u011frencileri, m\u00fczi\u011fin birle\u015ftirici g\u00fcc\u00fcn\u00fc sahneye ta\u015f\u0131yacak.<\/p>\n<p>Proje kapsam\u0131nda ortaokul ve lise \u00f6\u011frencileri bir araya gelerek Anadolu\u2019nun zengin m\u00fczik k\u00fclt\u00fcr\u00fcn\u00fc gen\u00e7 sanat\u00e7\u0131lar\u0131n yorumuyla dinleyicilere sunacak. K\u00fc\u00e7\u00fck \u00f6\u011frencilerin b\u00fcy\u00fckleriyle birlikte sahne alaca\u011f\u0131 etkinlikte, farkl\u0131 ku\u015faklardan gen\u00e7 yetenekler ayn\u0131 sahnede performans sergileyecek.<\/p>\n<p>Etkinlik sayesinde \u00f6\u011frencilerin sanatsal geli\u015fimine katk\u0131 sa\u011flanmas\u0131 ve ku\u015faklar aras\u0131nda g\u00fc\u00e7l\u00fc bir sanat k\u00f6pr\u00fcs\u00fc kurulmas\u0131 hedefleniyor. Programda Anadolu\u2019nun k\u00fclt\u00fcrel miras\u0131n\u0131 yans\u0131tan eserlerin seslendirilmesi planlan\u0131yor.<\/p>\n","protected":false},"excerpt":{"rendered":"<p>Gen\u00e7 Sanat\u00e7\u0131lar Ayn\u0131 Sahnede Bulu\u015facak K\u0131r\u015fehir\u2019de m\u00fczik e\u011fitimi alan \u00f6\u011frenciler, \u201cAnadolu\u2019nun \u00d6z\u00fc, G\u00fczel Sanatlar\u0131n S\u00f6z\u00fc\u201d projesi kapsam\u0131nda ayn\u0131 sahnede bulu\u015fmaya haz\u0131rlan\u0131yor. Muharrem Erta\u015f G\u00fczel Sanatlar M\u00fczik Ortaokulu ile Ne\u015fet Erta\u015f G\u00fczel Sanatlar Lisesi \u00f6\u011frencileri, m\u00fczi\u011fin birle\u015ftirici g\u00fcc\u00fcn\u00fc sahneye ta\u015f\u0131yacak. Proje kapsam\u0131nda ortaokul ve lise \u00f6\u011frencileri bir araya gelerek Anadolu\u2019nun zengin m\u00fczik k\u00fclt\u00fcr\u00fcn\u00fc gen\u00e7 sanat\u00e7\u0131lar\u0131n yorumuyla [&hellip;]<\/p>\n","protected":false},"author":1,"featured_media":1870,"comment_status":"open","ping_status":"open","sticky":false,"template":"","format":"standard","meta":{"footnotes":""},"categories":[10,8],"tags":[],"class_list":["post-1869","post","type-post","status-publish","format-standard","has-post-thumbnail","hentry","category-egitim","category-kirsehir"],"_links":{"self":[{"href":"https:\/\/www.kirsehirses.com\/index.php\/wp-json\/wp\/v2\/posts\/1869","targetHints":{"allow":["GET"]}}],"collection":[{"href":"https:\/\/www.kirsehirses.com\/index.php\/wp-json\/wp\/v2\/posts"}],"about":[{"href":"https:\/\/www.kirsehirses.com\/index.php\/wp-json\/wp\/v2\/types\/post"}],"author":[{"embeddable":true,"href":"https:\/\/www.kirsehirses.com\/index.php\/wp-json\/wp\/v2\/users\/1"}],"replies":[{"embeddable":true,"href":"https:\/\/www.kirsehirses.com\/index.php\/wp-json\/wp\/v2\/comments?post=1869"}],"version-history":[{"count":1,"href":"https:\/\/www.kirsehirses.com\/index.php\/wp-json\/wp\/v2\/posts\/1869\/revisions"}],"predecessor-version":[{"id":1871,"href":"https:\/\/www.kirsehirses.com\/index.php\/wp-json\/wp\/v2\/posts\/1869\/revisions\/1871"}],"wp:featuredmedia":[{"embeddable":true,"href":"https:\/\/www.kirsehirses.com\/index.php\/wp-json\/wp\/v2\/media\/1870"}],"wp:attachment":[{"href":"https:\/\/www.kirsehirses.com\/index.php\/wp-json\/wp\/v2\/media?parent=1869"}],"wp:term":[{"taxonomy":"category","embeddable":true,"href":"https:\/\/www.kirsehirses.com\/index.php\/wp-json\/wp\/v2\/categories?post=1869"},{"taxonomy":"post_tag","embeddable":true,"href":"https:\/\/www.kirsehirses.com\/index.php\/wp-json\/wp\/v2\/tags?post=1869"}],"curies":[{"name":"wp","href":"https:\/\/api.w.org\/{rel}","templated":true}]}}