{"id":1889,"date":"2026-03-14T03:45:33","date_gmt":"2026-03-14T00:45:33","guid":{"rendered":"https:\/\/www.kirsehirses.com\/?p=1889"},"modified":"2026-03-14T03:45:33","modified_gmt":"2026-03-14T00:45:33","slug":"ak-parti-cicekdagi-ilce-baskanligina-halil-karaca-atandi","status":"publish","type":"post","link":"https:\/\/www.kirsehirses.com\/index.php\/2026\/03\/14\/ak-parti-cicekdagi-ilce-baskanligina-halil-karaca-atandi\/","title":{"rendered":"AK Parti \u00c7i\u00e7ekda\u011f\u0131 \u0130l\u00e7e Ba\u015fkanl\u0131\u011f\u0131na Halil Karaca Atand\u0131"},"content":{"rendered":"<p><strong>AK Parti \u00c7i\u00e7ekda\u011f\u0131 \u0130l\u00e7e Ba\u015fkanl\u0131\u011f\u0131na Halil Karaca Atand\u0131<\/strong><\/p>\n<p>Adalet ve Kalk\u0131nma Partisi \u00c7i\u00e7ekda\u011f\u0131 \u0130l\u00e7e Ba\u015fkanl\u0131\u011f\u0131 g\u00f6revine Av. Halil Karaca atand\u0131.<\/p>\n<p>AK Parti Genel Merkezi\u2019nde yap\u0131lan g\u00f6revlendirme kapsam\u0131nda, Genel Ba\u015fkan Yard\u0131mc\u0131s\u0131 ve Te\u015fkilat Ba\u015fkan\u0131 Ahmet B\u00fcy\u00fckg\u00fcm\u00fc\u015f atama yaz\u0131s\u0131n\u0131 Karaca\u2019ya tebli\u011f etti.<\/p>\n<p>A\u00e7\u0131klamada, \u00f6nceki \u0130l\u00e7e Ba\u015fkan\u0131 K\u00fcr\u015fat Bek\u2019e bug\u00fcne kadar il\u00e7eye ve te\u015fkilata verdi\u011fi hizmetlerden dolay\u0131 te\u015fekk\u00fcr edilerek Karaca\u2019ya ise yeni g\u00f6revinde ba\u015far\u0131lar dilendi.<\/p>\n","protected":false},"excerpt":{"rendered":"<p>AK Parti \u00c7i\u00e7ekda\u011f\u0131 \u0130l\u00e7e Ba\u015fkanl\u0131\u011f\u0131na Halil Karaca Atand\u0131 Adalet ve Kalk\u0131nma Partisi \u00c7i\u00e7ekda\u011f\u0131 \u0130l\u00e7e Ba\u015fkanl\u0131\u011f\u0131 g\u00f6revine Av. Halil Karaca atand\u0131. AK Parti Genel Merkezi\u2019nde yap\u0131lan g\u00f6revlendirme kapsam\u0131nda, Genel Ba\u015fkan Yard\u0131mc\u0131s\u0131 ve Te\u015fkilat Ba\u015fkan\u0131 Ahmet B\u00fcy\u00fckg\u00fcm\u00fc\u015f atama yaz\u0131s\u0131n\u0131 Karaca\u2019ya tebli\u011f etti. A\u00e7\u0131klamada, \u00f6nceki \u0130l\u00e7e Ba\u015fkan\u0131 K\u00fcr\u015fat Bek\u2019e bug\u00fcne kadar il\u00e7eye ve te\u015fkilata verdi\u011fi hizmetlerden dolay\u0131 te\u015fekk\u00fcr [&hellip;]<\/p>\n","protected":false},"author":1,"featured_media":1890,"comment_status":"open","ping_status":"open","sticky":false,"template":"","format":"standard","meta":{"footnotes":""},"categories":[3],"tags":[],"class_list":["post-1889","post","type-post","status-publish","format-standard","has-post-thumbnail","hentry","category-siyaset"],"_links":{"self":[{"href":"https:\/\/www.kirsehirses.com\/index.php\/wp-json\/wp\/v2\/posts\/1889","targetHints":{"allow":["GET"]}}],"collection":[{"href":"https:\/\/www.kirsehirses.com\/index.php\/wp-json\/wp\/v2\/posts"}],"about":[{"href":"https:\/\/www.kirsehirses.com\/index.php\/wp-json\/wp\/v2\/types\/post"}],"author":[{"embeddable":true,"href":"https:\/\/www.kirsehirses.com\/index.php\/wp-json\/wp\/v2\/users\/1"}],"replies":[{"embeddable":true,"href":"https:\/\/www.kirsehirses.com\/index.php\/wp-json\/wp\/v2\/comments?post=1889"}],"version-history":[{"count":1,"href":"https:\/\/www.kirsehirses.com\/index.php\/wp-json\/wp\/v2\/posts\/1889\/revisions"}],"predecessor-version":[{"id":1891,"href":"https:\/\/www.kirsehirses.com\/index.php\/wp-json\/wp\/v2\/posts\/1889\/revisions\/1891"}],"wp:featuredmedia":[{"embeddable":true,"href":"https:\/\/www.kirsehirses.com\/index.php\/wp-json\/wp\/v2\/media\/1890"}],"wp:attachment":[{"href":"https:\/\/www.kirsehirses.com\/index.php\/wp-json\/wp\/v2\/media?parent=1889"}],"wp:term":[{"taxonomy":"category","embeddable":true,"href":"https:\/\/www.kirsehirses.com\/index.php\/wp-json\/wp\/v2\/categories?post=1889"},{"taxonomy":"post_tag","embeddable":true,"href":"https:\/\/www.kirsehirses.com\/index.php\/wp-json\/wp\/v2\/tags?post=1889"}],"curies":[{"name":"wp","href":"https:\/\/api.w.org\/{rel}","templated":true}]}}