{"id":1921,"date":"2026-03-16T02:58:17","date_gmt":"2026-03-15T23:58:17","guid":{"rendered":"https:\/\/www.kirsehirses.com\/?p=1921"},"modified":"2026-03-16T02:58:17","modified_gmt":"2026-03-15T23:58:17","slug":"turk-ocaklilar-iftarda-bulustu","status":"publish","type":"post","link":"https:\/\/www.kirsehirses.com\/index.php\/2026\/03\/16\/turk-ocaklilar-iftarda-bulustu\/","title":{"rendered":"T\u00fcrk Ocakl\u0131lar \u0130ftarda Bulu\u015ftu"},"content":{"rendered":"<p><strong>T\u00fcrk Ocakl\u0131lar \u0130ftarda Bulu\u015ftu<\/strong><\/p>\n<p>T\u00fcrk Ocaklar\u0131 K\u0131r\u015fehir \u015eubesi mensuplar\u0131, Ramazan ay\u0131n\u0131n manevi atmosferinde d\u00fczenlenen iftar program\u0131nda bir araya geldi.<\/p>\n<p>K\u0131r\u015fehir\u2019de ger\u00e7ekle\u015ftirilen program, \u015fehrin \u00f6nemli mek\u00e2nlar\u0131ndan biri olan Agalar Kona\u011f\u0131\u2019nda yap\u0131ld\u0131. T\u00fcrk Ocaklar\u0131 \u00fcyeleri ve davetlilerin kat\u0131ld\u0131\u011f\u0131 iftar program\u0131nda birlik ve beraberlik mesajlar\u0131 verildi.<\/p>\n<p>\u0130ftar\u0131n ard\u0131ndan d\u00fczenlenen sohbet toplant\u0131s\u0131n\u0131n a\u00e7\u0131l\u0131\u015f\u0131nda konu\u015fan S\u00fcleyman Do\u011fan, programa kat\u0131l\u0131m sa\u011flayan misafirlere te\u015fekk\u00fcr ederek Ramazan ay\u0131n\u0131n toplumsal dayan\u0131\u015fma ve karde\u015flik duygular\u0131n\u0131 g\u00fc\u00e7lendiren \u00f6nemli bir zaman dilimi oldu\u011funu ifade etti. K\u00fcresel \u00f6l\u00e7ekte siyasi ve ekonomik dengelerin yeniden \u015fekillendi\u011fi bir s\u00fcre\u00e7ten ge\u00e7ildi\u011fine dikkat \u00e7eken Do\u011fan, bu d\u00f6nemde T\u00fcrk ve \u0130slam d\u00fcnyas\u0131 aras\u0131ndaki birlik ve beraberli\u011fin her zamankinden daha fazla \u00f6nem kazand\u0131\u011f\u0131n\u0131 vurgulad\u0131. T\u00fcrkiye Cumhuriyeti\u2019nin kurulu\u015f s\u00fcrecinde T\u00fcrk Ocaklar\u0131n\u0131n \u00fcstlendi\u011fi tarihi misyona i\u015faret eden Do\u011fan, g\u00fcn\u00fcm\u00fczde de ayn\u0131 sorumluluk bilinciyle hareket ettiklerini belirterek milli birli\u011fin g\u00fc\u00e7lendirilmesi ve k\u00fclt\u00fcrel de\u011ferlerin ya\u015fat\u0131lmas\u0131 ad\u0131na \u00e7al\u0131\u015fmalar\u0131n\u0131 kararl\u0131l\u0131kla s\u00fcrd\u00fcrd\u00fcklerini dile getirdi.<\/p>\n<p>Programda daha sonra Karatekin \u00dcniversitesi eski Rekt\u00f6r\u00fc ve K\u0131r\u015fehir Ahi Evran \u00dcniversitesi \u00d6\u011fretim \u00dcyesi Prof. Dr. Harun \u00c7ift\u00e7i s\u00f6z alarak \u201cT\u00fcrk D\u00fcnyas\u0131nda Dil Birli\u011fi ve Her Alanda \u0130li\u015fkilerin Geli\u015ftirilmesi\u201d ba\u015fl\u0131kl\u0131 bir sohbet ger\u00e7ekle\u015ftirdi. Prof. Dr. \u00c7ift\u00e7i, T\u00fcrk d\u00fcnyas\u0131 aras\u0131ndaki k\u00fclt\u00fcrel, akademik ve ekonomik ili\u015fkilerin geli\u015ftirilmesinin stratejik bir \u00f6nem ta\u015f\u0131d\u0131\u011f\u0131n\u0131 ifade etti. Ortak dilin g\u00fc\u00e7lendirilmesinin T\u00fcrk devletleri aras\u0131ndaki ileti\u015fim ve i\u015f birli\u011fini daha sa\u011flam temellere oturtaca\u011f\u0131n\u0131 belirten \u00c7ift\u00e7i, ekonomik i\u015f birliklerinin art\u0131r\u0131lmas\u0131 ve ortak projelerin hayata ge\u00e7irilmesinin de T\u00fcrk d\u00fcnyas\u0131 aras\u0131ndaki ba\u011flar\u0131 daha da kuvvetlendirece\u011fini vurgulad\u0131.<\/p>\n<p>Kat\u0131l\u0131mc\u0131lar\u0131n da g\u00f6r\u00fc\u015f ve de\u011ferlendirmeleriyle katk\u0131 sundu\u011fu sohbet, ge\u00e7ti\u011fimiz g\u00fcn kaybetti\u011fimiz duayen tarih\u00e7i Prof. Dr. \u0130lber Ortayl\u0131\u2019n\u0131n ruhuna Fatiha okunmas\u0131yla sona erdi.<\/p>\n","protected":false},"excerpt":{"rendered":"<p>T\u00fcrk Ocakl\u0131lar \u0130ftarda Bulu\u015ftu T\u00fcrk Ocaklar\u0131 K\u0131r\u015fehir \u015eubesi mensuplar\u0131, Ramazan ay\u0131n\u0131n manevi atmosferinde d\u00fczenlenen iftar program\u0131nda bir araya geldi. K\u0131r\u015fehir\u2019de ger\u00e7ekle\u015ftirilen program, \u015fehrin \u00f6nemli mek\u00e2nlar\u0131ndan biri olan Agalar Kona\u011f\u0131\u2019nda yap\u0131ld\u0131. T\u00fcrk Ocaklar\u0131 \u00fcyeleri ve davetlilerin kat\u0131ld\u0131\u011f\u0131 iftar program\u0131nda birlik ve beraberlik mesajlar\u0131 verildi. \u0130ftar\u0131n ard\u0131ndan d\u00fczenlenen sohbet toplant\u0131s\u0131n\u0131n a\u00e7\u0131l\u0131\u015f\u0131nda konu\u015fan S\u00fcleyman Do\u011fan, programa kat\u0131l\u0131m sa\u011flayan [&hellip;]<\/p>\n","protected":false},"author":1,"featured_media":1922,"comment_status":"open","ping_status":"open","sticky":false,"template":"","format":"standard","meta":{"footnotes":""},"categories":[8],"tags":[],"class_list":["post-1921","post","type-post","status-publish","format-standard","has-post-thumbnail","hentry","category-kirsehir"],"_links":{"self":[{"href":"https:\/\/www.kirsehirses.com\/index.php\/wp-json\/wp\/v2\/posts\/1921","targetHints":{"allow":["GET"]}}],"collection":[{"href":"https:\/\/www.kirsehirses.com\/index.php\/wp-json\/wp\/v2\/posts"}],"about":[{"href":"https:\/\/www.kirsehirses.com\/index.php\/wp-json\/wp\/v2\/types\/post"}],"author":[{"embeddable":true,"href":"https:\/\/www.kirsehirses.com\/index.php\/wp-json\/wp\/v2\/users\/1"}],"replies":[{"embeddable":true,"href":"https:\/\/www.kirsehirses.com\/index.php\/wp-json\/wp\/v2\/comments?post=1921"}],"version-history":[{"count":1,"href":"https:\/\/www.kirsehirses.com\/index.php\/wp-json\/wp\/v2\/posts\/1921\/revisions"}],"predecessor-version":[{"id":1923,"href":"https:\/\/www.kirsehirses.com\/index.php\/wp-json\/wp\/v2\/posts\/1921\/revisions\/1923"}],"wp:featuredmedia":[{"embeddable":true,"href":"https:\/\/www.kirsehirses.com\/index.php\/wp-json\/wp\/v2\/media\/1922"}],"wp:attachment":[{"href":"https:\/\/www.kirsehirses.com\/index.php\/wp-json\/wp\/v2\/media?parent=1921"}],"wp:term":[{"taxonomy":"category","embeddable":true,"href":"https:\/\/www.kirsehirses.com\/index.php\/wp-json\/wp\/v2\/categories?post=1921"},{"taxonomy":"post_tag","embeddable":true,"href":"https:\/\/www.kirsehirses.com\/index.php\/wp-json\/wp\/v2\/tags?post=1921"}],"curies":[{"name":"wp","href":"https:\/\/api.w.org\/{rel}","templated":true}]}}