{"id":1931,"date":"2026-03-16T03:35:01","date_gmt":"2026-03-16T00:35:01","guid":{"rendered":"https:\/\/www.kirsehirses.com\/?p=1931"},"modified":"2026-03-16T03:35:01","modified_gmt":"2026-03-16T00:35:01","slug":"bir-olumsuz-dunya-icin","status":"publish","type":"post","link":"https:\/\/www.kirsehirses.com\/index.php\/2026\/03\/16\/bir-olumsuz-dunya-icin\/","title":{"rendered":"B\u0130R \u00d6L\u00dcMS\u00dcZ D\u00dcNYA \u0130\u00c7\u0130N"},"content":{"rendered":"<p><strong>B\u0130R \u00d6L\u00dcMS\u00dcZ D\u00dcNYA \u0130\u00c7\u0130N<\/strong><\/p>\n<p>Geceleri r\u00fcyamda aksakall\u0131 bir dervi\u015f<br \/>\nSonsuzlu\u011fun s\u0131rr\u0131na \u00e7ekip g\u00f6t\u00fcr\u00fcr beni.<br \/>\nMevl\u00e2\u2019m t\u00fcm g\u00f6n\u00fcllere ayr\u0131 ayr\u0131 dert vermi\u015f,<br \/>\nEri\u015filmez bir sevda kabre yat\u0131r\u0131r beni.<\/p>\n<p>Sevene engel de\u011fil ya\u011fmur, tipi, f\u0131rt\u0131na,<br \/>\nVar olu\u015f sebebimin \u00e7ok ge\u00e7 vard\u0131m fark\u0131na.<br \/>\nKalp g\u00f6z\u00fcyle bak\u0131nca k\u00e2inat\u0131n \u00e7ark\u0131na<br \/>\nAkl\u0131m Allah yoluna al\u0131p g\u00f6t\u00fcr\u00fcr beni.<\/p>\n<p>Kimi g\u00fcn d\u00fcnya i\u00e7in d\u00fcnyalar\u0131 y\u0131kar\u0131m,<br \/>\nKimi g\u00fcn nefse kan\u0131p do\u011fru yoldan \u00e7\u0131kar\u0131m.<br \/>\nO zaman hep derim ki: &#8220;D\u00fcnyada ni\u00e7in var\u0131m?&#8221;<br \/>\nBu soru uyand\u0131r\u0131p Hakk\u2019a yetirir beni<\/p>\n<p>Ben ki &#8220;Miskin Yunus&#8221;\u00a0 un k\u0131rk ku\u015fak torunuyum,<br \/>\nY\u00e2r yoluna ba\u015f koymak ezelden kalma huyum.<br \/>\nYollar\u0131m\u0131 ba\u011flayan kendi dilim, g\u00f6z suyum;<br \/>\nBencillik adl\u0131 \u015feytan bana getirir beni.<\/p>\n<p>Ba\u011fr\u0131mdaki ate\u015fin g\u00f6z\u00fcmde kald\u0131 isi,<br \/>\nRabbim n\u2019olur a\u00e7\u0131ver yolumdaki bu sisi.<br \/>\nY\u00fcre\u011fimi \u00fcrperten &#8220;G\u00fcl Muhammed&#8221; sevgisi;<br \/>\nBu \u00f6yle bir sevda ki bende yitirir beni.<\/p>\n<p>Hakk\u2019a varma iste\u011fim hicret i\u00e7inde hicret,<br \/>\n\u015eu yalanc\u0131 \u00e2lemde ne kemi\u011fim ne de et.<br \/>\nAld\u0131\u011f\u0131m nefes bile yollar\u0131ma \u00e7ekmi\u015f set,<br \/>\nNefis denen canavar yiyip bitirir beni.<\/p>\n<p>Her gece d\u00fc\u015flerimde nur y\u00fczl\u00fc bir ihtiyar<br \/>\nSonsuzlu\u011fun s\u0131rr\u0131n\u0131 durmaz, anlat\u0131r bana.<br \/>\n\u00d6l\u00fcmlerden \u00f6tede bir \u00f6l\u00fcms\u00fcz d\u00fcnya var;<br \/>\nRabbim ya bu hasret bitsin ya da &#8220;k\u0131rk sat\u0131r&#8221;, bana!<\/p>\n<p>\u00c7ERKEZ BOZDA\u011e<\/p>\n","protected":false},"excerpt":{"rendered":"<p>B\u0130R \u00d6L\u00dcMS\u00dcZ D\u00dcNYA \u0130\u00c7\u0130N Geceleri r\u00fcyamda aksakall\u0131 bir dervi\u015f Sonsuzlu\u011fun s\u0131rr\u0131na \u00e7ekip g\u00f6t\u00fcr\u00fcr beni. Mevl\u00e2\u2019m t\u00fcm g\u00f6n\u00fcllere ayr\u0131 ayr\u0131 dert vermi\u015f, Eri\u015filmez bir sevda kabre yat\u0131r\u0131r beni. Sevene engel de\u011fil ya\u011fmur, tipi, f\u0131rt\u0131na, Var olu\u015f sebebimin \u00e7ok ge\u00e7 vard\u0131m fark\u0131na. Kalp g\u00f6z\u00fcyle bak\u0131nca k\u00e2inat\u0131n \u00e7ark\u0131na Akl\u0131m Allah yoluna al\u0131p g\u00f6t\u00fcr\u00fcr beni. Kimi g\u00fcn d\u00fcnya i\u00e7in [&hellip;]<\/p>\n","protected":false},"author":1,"featured_media":1932,"comment_status":"open","ping_status":"open","sticky":false,"template":"","format":"standard","meta":{"footnotes":""},"categories":[8],"tags":[],"class_list":["post-1931","post","type-post","status-publish","format-standard","has-post-thumbnail","hentry","category-kirsehir"],"_links":{"self":[{"href":"https:\/\/www.kirsehirses.com\/index.php\/wp-json\/wp\/v2\/posts\/1931","targetHints":{"allow":["GET"]}}],"collection":[{"href":"https:\/\/www.kirsehirses.com\/index.php\/wp-json\/wp\/v2\/posts"}],"about":[{"href":"https:\/\/www.kirsehirses.com\/index.php\/wp-json\/wp\/v2\/types\/post"}],"author":[{"embeddable":true,"href":"https:\/\/www.kirsehirses.com\/index.php\/wp-json\/wp\/v2\/users\/1"}],"replies":[{"embeddable":true,"href":"https:\/\/www.kirsehirses.com\/index.php\/wp-json\/wp\/v2\/comments?post=1931"}],"version-history":[{"count":1,"href":"https:\/\/www.kirsehirses.com\/index.php\/wp-json\/wp\/v2\/posts\/1931\/revisions"}],"predecessor-version":[{"id":1933,"href":"https:\/\/www.kirsehirses.com\/index.php\/wp-json\/wp\/v2\/posts\/1931\/revisions\/1933"}],"wp:featuredmedia":[{"embeddable":true,"href":"https:\/\/www.kirsehirses.com\/index.php\/wp-json\/wp\/v2\/media\/1932"}],"wp:attachment":[{"href":"https:\/\/www.kirsehirses.com\/index.php\/wp-json\/wp\/v2\/media?parent=1931"}],"wp:term":[{"taxonomy":"category","embeddable":true,"href":"https:\/\/www.kirsehirses.com\/index.php\/wp-json\/wp\/v2\/categories?post=1931"},{"taxonomy":"post_tag","embeddable":true,"href":"https:\/\/www.kirsehirses.com\/index.php\/wp-json\/wp\/v2\/tags?post=1931"}],"curies":[{"name":"wp","href":"https:\/\/api.w.org\/{rel}","templated":true}]}}