{"id":1946,"date":"2026-03-18T02:20:06","date_gmt":"2026-03-17T23:20:06","guid":{"rendered":"https:\/\/www.kirsehirses.com\/?p=1946"},"modified":"2026-03-18T02:20:06","modified_gmt":"2026-03-17T23:20:06","slug":"kirsehir-ahi-evran-universitesi-20-yasinda","status":"publish","type":"post","link":"https:\/\/www.kirsehirses.com\/index.php\/2026\/03\/18\/kirsehir-ahi-evran-universitesi-20-yasinda\/","title":{"rendered":"K\u0131r\u015fehir Ahi Evran \u00dcniversitesi 20 Ya\u015f\u0131nda"},"content":{"rendered":"<p><strong>K\u0131r\u015fehir Ahi Evran \u00dcniversitesi 20 Ya\u015f\u0131nda<\/strong><\/p>\n<p>K\u0131r\u015fehir Ahi Evran \u00dcniversitesi Rekt\u00f6r\u00fc Prof. Dr. M. Kas\u0131m Karahocagil, \u00fcniversitenin 20. kurulu\u015f y\u0131l d\u00f6n\u00fcm\u00fc dolay\u0131s\u0131yla bir a\u00e7\u0131klama yapt\u0131. Karahocagil, Ahilik miras\u0131n\u0131 akademik ba\u015far\u0131larla ta\u00e7land\u0131rd\u0131klar\u0131 20 y\u0131ll\u0131k s\u00fcrecin gururunu ya\u015fad\u0131klar\u0131n\u0131 belirtti.<\/p>\n<p>2006\u2019dan 2026\u2019ya uzanan s\u00fcre\u00e7te \u00fcniversitenin her ge\u00e7en g\u00fcn b\u00fcy\u00fcyen, geli\u015fen ve \u00fcreten bir yap\u0131ya kavu\u015ftu\u011funu ifade eden Karahocagil, K\u0131r\u015fehir Ahi Evran \u00dcniversitesi\u2019nin b\u00f6lgeye ve \u00fclkeye de\u011fer katmaya devam etti\u011fini vurgulad\u0131.<\/p>\n<p>Rekt\u00f6r Karahocagil, a\u00e7\u0131klamas\u0131nda \u00fcniversitenin 20. kurulu\u015f y\u0131l d\u00f6n\u00fcm\u00fcn\u00fc kutlayarak, bu ba\u015far\u0131da eme\u011fi ge\u00e7en t\u00fcm akademik ve idari kadroya te\u015fekk\u00fcr etti.<\/p>\n","protected":false},"excerpt":{"rendered":"<p>K\u0131r\u015fehir Ahi Evran \u00dcniversitesi 20 Ya\u015f\u0131nda K\u0131r\u015fehir Ahi Evran \u00dcniversitesi Rekt\u00f6r\u00fc Prof. Dr. M. Kas\u0131m Karahocagil, \u00fcniversitenin 20. kurulu\u015f y\u0131l d\u00f6n\u00fcm\u00fc dolay\u0131s\u0131yla bir a\u00e7\u0131klama yapt\u0131. Karahocagil, Ahilik miras\u0131n\u0131 akademik ba\u015far\u0131larla ta\u00e7land\u0131rd\u0131klar\u0131 20 y\u0131ll\u0131k s\u00fcrecin gururunu ya\u015fad\u0131klar\u0131n\u0131 belirtti. 2006\u2019dan 2026\u2019ya uzanan s\u00fcre\u00e7te \u00fcniversitenin her ge\u00e7en g\u00fcn b\u00fcy\u00fcyen, geli\u015fen ve \u00fcreten bir yap\u0131ya kavu\u015ftu\u011funu ifade eden Karahocagil, [&hellip;]<\/p>\n","protected":false},"author":1,"featured_media":1947,"comment_status":"open","ping_status":"open","sticky":false,"template":"","format":"standard","meta":{"footnotes":""},"categories":[10,8],"tags":[],"class_list":["post-1946","post","type-post","status-publish","format-standard","has-post-thumbnail","hentry","category-egitim","category-kirsehir"],"_links":{"self":[{"href":"https:\/\/www.kirsehirses.com\/index.php\/wp-json\/wp\/v2\/posts\/1946","targetHints":{"allow":["GET"]}}],"collection":[{"href":"https:\/\/www.kirsehirses.com\/index.php\/wp-json\/wp\/v2\/posts"}],"about":[{"href":"https:\/\/www.kirsehirses.com\/index.php\/wp-json\/wp\/v2\/types\/post"}],"author":[{"embeddable":true,"href":"https:\/\/www.kirsehirses.com\/index.php\/wp-json\/wp\/v2\/users\/1"}],"replies":[{"embeddable":true,"href":"https:\/\/www.kirsehirses.com\/index.php\/wp-json\/wp\/v2\/comments?post=1946"}],"version-history":[{"count":1,"href":"https:\/\/www.kirsehirses.com\/index.php\/wp-json\/wp\/v2\/posts\/1946\/revisions"}],"predecessor-version":[{"id":1948,"href":"https:\/\/www.kirsehirses.com\/index.php\/wp-json\/wp\/v2\/posts\/1946\/revisions\/1948"}],"wp:featuredmedia":[{"embeddable":true,"href":"https:\/\/www.kirsehirses.com\/index.php\/wp-json\/wp\/v2\/media\/1947"}],"wp:attachment":[{"href":"https:\/\/www.kirsehirses.com\/index.php\/wp-json\/wp\/v2\/media?parent=1946"}],"wp:term":[{"taxonomy":"category","embeddable":true,"href":"https:\/\/www.kirsehirses.com\/index.php\/wp-json\/wp\/v2\/categories?post=1946"},{"taxonomy":"post_tag","embeddable":true,"href":"https:\/\/www.kirsehirses.com\/index.php\/wp-json\/wp\/v2\/tags?post=1946"}],"curies":[{"name":"wp","href":"https:\/\/api.w.org\/{rel}","templated":true}]}}