{"id":1955,"date":"2026-03-19T06:39:17","date_gmt":"2026-03-19T03:39:17","guid":{"rendered":"https:\/\/www.kirsehirses.com\/?p=1955"},"modified":"2026-03-19T06:39:17","modified_gmt":"2026-03-19T03:39:17","slug":"sehitlerimizi-minnetle-aniyoruz","status":"publish","type":"post","link":"https:\/\/www.kirsehirses.com\/index.php\/2026\/03\/19\/sehitlerimizi-minnetle-aniyoruz\/","title":{"rendered":"\u015eehitlerimizi Minnetle An\u0131yoruz"},"content":{"rendered":"<p><strong>\u015eehitlerimizi Minnetle An\u0131yoruz<\/strong><\/p>\n<p>K\u0131r\u015fehir\u2019de, 18 Mart \u015eehitler G\u00fcn\u00fc ve \u00c7anakkale Zaferi\u2019nin 111. y\u0131l d\u00f6n\u00fcm\u00fc dolay\u0131s\u0131yla d\u00fczenlenen anma program\u0131 yo\u011fun kat\u0131l\u0131mla ger\u00e7ekle\u015ftirildi.<\/p>\n<p>K\u0131r\u015fehir Valili\u011fi koordinesinde d\u00fczenlenen etkinlikler, saat 10.00\u2019da \u015eehit Hava Pilot Astsubay \u00c7avu\u015f Ahmet Tozluklu \u015eehitli\u011fi\u2019nde d\u00fczenlenen t\u00f6renle ba\u015flad\u0131. T\u00f6rende K\u0131r\u015fehir Valili\u011fi, Garnizon Komutanl\u0131\u011f\u0131, Belediye Ba\u015fkanl\u0131\u011f\u0131 ve \u015fehit aileleri dernekleri taraf\u0131ndan \u00e7elenk sunumu yap\u0131ld\u0131. Sayg\u0131 duru\u015fu ve sayg\u0131 at\u0131\u015f\u0131n\u0131n ard\u0131ndan \u0130stiklal Mar\u015f\u0131 okundu. Kur\u2019an-\u0131 Kerim tilaveti ve yap\u0131lan dualarla \u015fehitler rahmet ve minnetle an\u0131ld\u0131.<\/p>\n<p>Anma program\u0131, saat 10.30\u2019da Ne\u015fet Erta\u015f G\u00fczel Sanatlar Lisesi\u2019nde devam etti. G\u00fcn\u00fcn anlam ve \u00f6nemine ili\u015fkin konu\u015fmalar\u0131n yap\u0131ld\u0131\u011f\u0131 programda, \u00f6\u011frenciler taraf\u0131ndan seslendirilen kahramanl\u0131k t\u00fcrk\u00fcleri ve m\u00fczik dinletisi b\u00fcy\u00fck be\u011feni toplad\u0131. Ayr\u0131ca \u201cBir Milletin Fedak\u00e2rl\u0131\u011f\u0131, Bir Bayra\u011f\u0131n H\u00fcrriyeti\u201d temal\u0131 foto\u011fraf ve resim sergisi ziyaret\u00e7ilerin ilgisini \u00e7ekti.<\/p>\n<p>Program, \u00f6\u011fle namaz\u0131 \u00f6ncesinde Hoca Ahmet Yesevi Camii\u2019nde d\u00fczenlenen Mevlid-i \u015eerif ile sona erdi.<\/p>\n<p>Ger\u00e7ekle\u015ftirilen anma programlar\u0131nda vatan u\u011fruna can veren aziz \u015fehitler bir kez daha rahmet, minnet ve sayg\u0131yla yad edildi.<\/p>\n","protected":false},"excerpt":{"rendered":"<p>\u015eehitlerimizi Minnetle An\u0131yoruz K\u0131r\u015fehir\u2019de, 18 Mart \u015eehitler G\u00fcn\u00fc ve \u00c7anakkale Zaferi\u2019nin 111. y\u0131l d\u00f6n\u00fcm\u00fc dolay\u0131s\u0131yla d\u00fczenlenen anma program\u0131 yo\u011fun kat\u0131l\u0131mla ger\u00e7ekle\u015ftirildi. K\u0131r\u015fehir Valili\u011fi koordinesinde d\u00fczenlenen etkinlikler, saat 10.00\u2019da \u015eehit Hava Pilot Astsubay \u00c7avu\u015f Ahmet Tozluklu \u015eehitli\u011fi\u2019nde d\u00fczenlenen t\u00f6renle ba\u015flad\u0131. T\u00f6rende K\u0131r\u015fehir Valili\u011fi, Garnizon Komutanl\u0131\u011f\u0131, Belediye Ba\u015fkanl\u0131\u011f\u0131 ve \u015fehit aileleri dernekleri taraf\u0131ndan \u00e7elenk sunumu yap\u0131ld\u0131. Sayg\u0131 [&hellip;]<\/p>\n","protected":false},"author":1,"featured_media":1956,"comment_status":"open","ping_status":"open","sticky":false,"template":"","format":"standard","meta":{"footnotes":""},"categories":[8,7],"tags":[],"class_list":["post-1955","post","type-post","status-publish","format-standard","has-post-thumbnail","hentry","category-kirsehir","category-turkiye"],"_links":{"self":[{"href":"https:\/\/www.kirsehirses.com\/index.php\/wp-json\/wp\/v2\/posts\/1955","targetHints":{"allow":["GET"]}}],"collection":[{"href":"https:\/\/www.kirsehirses.com\/index.php\/wp-json\/wp\/v2\/posts"}],"about":[{"href":"https:\/\/www.kirsehirses.com\/index.php\/wp-json\/wp\/v2\/types\/post"}],"author":[{"embeddable":true,"href":"https:\/\/www.kirsehirses.com\/index.php\/wp-json\/wp\/v2\/users\/1"}],"replies":[{"embeddable":true,"href":"https:\/\/www.kirsehirses.com\/index.php\/wp-json\/wp\/v2\/comments?post=1955"}],"version-history":[{"count":1,"href":"https:\/\/www.kirsehirses.com\/index.php\/wp-json\/wp\/v2\/posts\/1955\/revisions"}],"predecessor-version":[{"id":1957,"href":"https:\/\/www.kirsehirses.com\/index.php\/wp-json\/wp\/v2\/posts\/1955\/revisions\/1957"}],"wp:featuredmedia":[{"embeddable":true,"href":"https:\/\/www.kirsehirses.com\/index.php\/wp-json\/wp\/v2\/media\/1956"}],"wp:attachment":[{"href":"https:\/\/www.kirsehirses.com\/index.php\/wp-json\/wp\/v2\/media?parent=1955"}],"wp:term":[{"taxonomy":"category","embeddable":true,"href":"https:\/\/www.kirsehirses.com\/index.php\/wp-json\/wp\/v2\/categories?post=1955"},{"taxonomy":"post_tag","embeddable":true,"href":"https:\/\/www.kirsehirses.com\/index.php\/wp-json\/wp\/v2\/tags?post=1955"}],"curies":[{"name":"wp","href":"https:\/\/api.w.org\/{rel}","templated":true}]}}