{"id":1958,"date":"2026-03-21T06:16:16","date_gmt":"2026-03-21T03:16:16","guid":{"rendered":"https:\/\/www.kirsehirses.com\/?p=1958"},"modified":"2026-03-21T06:16:16","modified_gmt":"2026-03-21T03:16:16","slug":"genel-bayramlasma-ahmet-yesevi-camiinde","status":"publish","type":"post","link":"https:\/\/www.kirsehirses.com\/index.php\/2026\/03\/21\/genel-bayramlasma-ahmet-yesevi-camiinde\/","title":{"rendered":"Genel Bayramla\u015fma Ahmet Yesevi Camii\u2019nde"},"content":{"rendered":"<p><strong>Genel Bayramla\u015fma Ahmet Yesevi Camii\u2019nde<\/strong><\/p>\n<p>K\u0131r\u015fehir\u2019de Ramazan Bayram\u0131 dolay\u0131s\u0131yla ger\u00e7ekle\u015ftirilecek genel bayramla\u015fma program\u0131n\u0131n adresi Ahmet Yesevi Camii olacak. Bayramla\u015fma program\u0131, bayram namaz\u0131n\u0131n ard\u0131ndan ger\u00e7ekle\u015ftirilecek.<\/p>\n<p>\u0130l protokol\u00fc, sivil toplum kurulu\u015flar\u0131 ve vatanda\u015flar\u0131n kat\u0131l\u0131m\u0131yla d\u00fczenlenecek programda, birlik ve beraberlik mesajlar\u0131 verilecek. K\u0131r\u015fehir Valili\u011fince haz\u0131rlanan ve her bayram geleneksel olarak d\u00fczenlenen genel bayramla\u015fma, bu y\u0131l da geni\u015f kat\u0131l\u0131mla ger\u00e7ekle\u015ftirilecek.<\/p>\n<p>Program sayesinde y\u00f6neticiler ile vatanda\u015flar bir araya gelerek bayramla\u015fma imk\u00e2n\u0131 bulacak, toplumsal dayan\u0131\u015fma ve kayna\u015fma g\u00fc\u00e7lenecek.<\/p>\n","protected":false},"excerpt":{"rendered":"<p>Genel Bayramla\u015fma Ahmet Yesevi Camii\u2019nde K\u0131r\u015fehir\u2019de Ramazan Bayram\u0131 dolay\u0131s\u0131yla ger\u00e7ekle\u015ftirilecek genel bayramla\u015fma program\u0131n\u0131n adresi Ahmet Yesevi Camii olacak. Bayramla\u015fma program\u0131, bayram namaz\u0131n\u0131n ard\u0131ndan ger\u00e7ekle\u015ftirilecek. \u0130l protokol\u00fc, sivil toplum kurulu\u015flar\u0131 ve vatanda\u015flar\u0131n kat\u0131l\u0131m\u0131yla d\u00fczenlenecek programda, birlik ve beraberlik mesajlar\u0131 verilecek. K\u0131r\u015fehir Valili\u011fince haz\u0131rlanan ve her bayram geleneksel olarak d\u00fczenlenen genel bayramla\u015fma, bu y\u0131l da geni\u015f kat\u0131l\u0131mla [&hellip;]<\/p>\n","protected":false},"author":1,"featured_media":1959,"comment_status":"open","ping_status":"open","sticky":false,"template":"","format":"standard","meta":{"footnotes":""},"categories":[8],"tags":[],"class_list":["post-1958","post","type-post","status-publish","format-standard","has-post-thumbnail","hentry","category-kirsehir"],"_links":{"self":[{"href":"https:\/\/www.kirsehirses.com\/index.php\/wp-json\/wp\/v2\/posts\/1958","targetHints":{"allow":["GET"]}}],"collection":[{"href":"https:\/\/www.kirsehirses.com\/index.php\/wp-json\/wp\/v2\/posts"}],"about":[{"href":"https:\/\/www.kirsehirses.com\/index.php\/wp-json\/wp\/v2\/types\/post"}],"author":[{"embeddable":true,"href":"https:\/\/www.kirsehirses.com\/index.php\/wp-json\/wp\/v2\/users\/1"}],"replies":[{"embeddable":true,"href":"https:\/\/www.kirsehirses.com\/index.php\/wp-json\/wp\/v2\/comments?post=1958"}],"version-history":[{"count":1,"href":"https:\/\/www.kirsehirses.com\/index.php\/wp-json\/wp\/v2\/posts\/1958\/revisions"}],"predecessor-version":[{"id":1960,"href":"https:\/\/www.kirsehirses.com\/index.php\/wp-json\/wp\/v2\/posts\/1958\/revisions\/1960"}],"wp:featuredmedia":[{"embeddable":true,"href":"https:\/\/www.kirsehirses.com\/index.php\/wp-json\/wp\/v2\/media\/1959"}],"wp:attachment":[{"href":"https:\/\/www.kirsehirses.com\/index.php\/wp-json\/wp\/v2\/media?parent=1958"}],"wp:term":[{"taxonomy":"category","embeddable":true,"href":"https:\/\/www.kirsehirses.com\/index.php\/wp-json\/wp\/v2\/categories?post=1958"},{"taxonomy":"post_tag","embeddable":true,"href":"https:\/\/www.kirsehirses.com\/index.php\/wp-json\/wp\/v2\/tags?post=1958"}],"curies":[{"name":"wp","href":"https:\/\/api.w.org\/{rel}","templated":true}]}}