{"id":1961,"date":"2026-03-21T06:18:49","date_gmt":"2026-03-21T03:18:49","guid":{"rendered":"https:\/\/www.kirsehirses.com\/?p=1961"},"modified":"2026-03-21T06:18:49","modified_gmt":"2026-03-21T03:18:49","slug":"kirsehirde-bayram-tedbirleri-ust-seviyede","status":"publish","type":"post","link":"https:\/\/www.kirsehirses.com\/index.php\/2026\/03\/21\/kirsehirde-bayram-tedbirleri-ust-seviyede\/","title":{"rendered":"K\u0131r\u015fehir\u2019de Bayram Tedbirleri \u00dcst Seviyede"},"content":{"rendered":"<p><strong>K\u0131r\u015fehir\u2019de Bayram Tedbirleri \u00dcst Seviyede<\/strong><\/p>\n<p>K\u0131r\u015fehir Valisi Murat Sefa Demiry\u00fcrek, Ramazan Bayram\u0131 s\u00fcresince vatanda\u015flar\u0131n huzur ve g\u00fcven i\u00e7inde bayram ge\u00e7irebilmesi amac\u0131yla al\u0131nan tedbirleri a\u00e7\u0131klad\u0131.<\/p>\n<p>Valilik koordinasyonunda y\u00fcr\u00fct\u00fclen \u00e7al\u0131\u015fmalar kapsam\u0131nda, emniyet ve jandarma birimleri ba\u015fta olmak \u00fczere sa\u011fl\u0131k te\u015fkilat\u0131, 112 Acil \u00c7a\u011fr\u0131 Merkezi ve AFAD ekipleri bayram boyunca g\u00f6revlerinin ba\u015f\u0131nda olacak.<\/p>\n<p>A\u00e7\u0131klamada, jandarma sorumluluk b\u00f6lgesinde 205 uygulama noktas\u0131nda 1674 personel ve 425 arac\u0131n g\u00f6rev yapaca\u011f\u0131, polis b\u00f6lgesinde ise 441 noktada 2202 personelin sahada olaca\u011f\u0131 bildirildi. Trafik g\u00fcvenli\u011fi kapsam\u0131nda ise 262 ekipte 606 trafik polisi ile jandarma b\u00fcnyesinde 274 trafik g\u00f6revlisinin sahada olaca\u011f\u0131 ifade edildi.<\/p>\n<p>Vali Demiry\u00fcrek, vatanda\u015flara da \u00e7a\u011fr\u0131da bulunarak, \u0130\u00e7i\u015fleri Bakanl\u0131\u011f\u0131nca bu bayramda motto olarak kullan\u0131lan \u201cBayram Sensiz Olmaz\u201d mesaj\u0131n\u0131 hat\u0131rlatt\u0131 ve \u00f6zellikle trafik kurallar\u0131na uyulmas\u0131 konusunda dikkatli ve sab\u0131rl\u0131 olunmas\u0131n\u0131 istedi.<\/p>\n","protected":false},"excerpt":{"rendered":"<p>K\u0131r\u015fehir\u2019de Bayram Tedbirleri \u00dcst Seviyede K\u0131r\u015fehir Valisi Murat Sefa Demiry\u00fcrek, Ramazan Bayram\u0131 s\u00fcresince vatanda\u015flar\u0131n huzur ve g\u00fcven i\u00e7inde bayram ge\u00e7irebilmesi amac\u0131yla al\u0131nan tedbirleri a\u00e7\u0131klad\u0131. Valilik koordinasyonunda y\u00fcr\u00fct\u00fclen \u00e7al\u0131\u015fmalar kapsam\u0131nda, emniyet ve jandarma birimleri ba\u015fta olmak \u00fczere sa\u011fl\u0131k te\u015fkilat\u0131, 112 Acil \u00c7a\u011fr\u0131 Merkezi ve AFAD ekipleri bayram boyunca g\u00f6revlerinin ba\u015f\u0131nda olacak. A\u00e7\u0131klamada, jandarma sorumluluk b\u00f6lgesinde 205 [&hellip;]<\/p>\n","protected":false},"author":1,"featured_media":1962,"comment_status":"open","ping_status":"open","sticky":false,"template":"","format":"standard","meta":{"footnotes":""},"categories":[8],"tags":[],"class_list":["post-1961","post","type-post","status-publish","format-standard","has-post-thumbnail","hentry","category-kirsehir"],"_links":{"self":[{"href":"https:\/\/www.kirsehirses.com\/index.php\/wp-json\/wp\/v2\/posts\/1961","targetHints":{"allow":["GET"]}}],"collection":[{"href":"https:\/\/www.kirsehirses.com\/index.php\/wp-json\/wp\/v2\/posts"}],"about":[{"href":"https:\/\/www.kirsehirses.com\/index.php\/wp-json\/wp\/v2\/types\/post"}],"author":[{"embeddable":true,"href":"https:\/\/www.kirsehirses.com\/index.php\/wp-json\/wp\/v2\/users\/1"}],"replies":[{"embeddable":true,"href":"https:\/\/www.kirsehirses.com\/index.php\/wp-json\/wp\/v2\/comments?post=1961"}],"version-history":[{"count":1,"href":"https:\/\/www.kirsehirses.com\/index.php\/wp-json\/wp\/v2\/posts\/1961\/revisions"}],"predecessor-version":[{"id":1963,"href":"https:\/\/www.kirsehirses.com\/index.php\/wp-json\/wp\/v2\/posts\/1961\/revisions\/1963"}],"wp:featuredmedia":[{"embeddable":true,"href":"https:\/\/www.kirsehirses.com\/index.php\/wp-json\/wp\/v2\/media\/1962"}],"wp:attachment":[{"href":"https:\/\/www.kirsehirses.com\/index.php\/wp-json\/wp\/v2\/media?parent=1961"}],"wp:term":[{"taxonomy":"category","embeddable":true,"href":"https:\/\/www.kirsehirses.com\/index.php\/wp-json\/wp\/v2\/categories?post=1961"},{"taxonomy":"post_tag","embeddable":true,"href":"https:\/\/www.kirsehirses.com\/index.php\/wp-json\/wp\/v2\/tags?post=1961"}],"curies":[{"name":"wp","href":"https:\/\/api.w.org\/{rel}","templated":true}]}}