{"id":1973,"date":"2026-03-23T07:36:50","date_gmt":"2026-03-23T04:36:50","guid":{"rendered":"https:\/\/www.kirsehirses.com\/?p=1973"},"modified":"2026-03-23T07:36:50","modified_gmt":"2026-03-23T04:36:50","slug":"bu-dunyadan-bir-veysel-gecti","status":"publish","type":"post","link":"https:\/\/www.kirsehirses.com\/index.php\/2026\/03\/23\/bu-dunyadan-bir-veysel-gecti\/","title":{"rendered":"Bu D\u00fcnyadan Bir Veysel Ge\u00e7ti&#8230;"},"content":{"rendered":"<p><strong>Bu D\u00fcnyadan Bir Veysel Ge\u00e7ti&#8230;<\/strong><\/p>\n<p>Anadolu\u2019nun yeti\u015ftirdi\u011fi en b\u00fcy\u00fck ozanlardan biri olan \u00c2\u015f\u0131k Veysel \u015eat\u0131ro\u011flu, vefat\u0131n\u0131n y\u0131l d\u00f6n\u00fcm\u00fcnde sayg\u0131 ve rahmetle an\u0131l\u0131yor. Sivas\u2019\u0131n \u015eark\u0131\u015fla il\u00e7esinde 1894 y\u0131l\u0131nda d\u00fcnyaya gelen Veysel, k\u00fc\u00e7\u00fck ya\u015fta ge\u00e7irdi\u011fi \u00e7i\u00e7ek hastal\u0131\u011f\u0131 sonucu g\u00f6rme yetisini kaybetmesine ra\u011fmen, saz\u0131 ve s\u00f6z\u00fcyle g\u00f6n\u00fcl g\u00f6z\u00fcn\u00fc t\u00fcm d\u00fcnyaya a\u00e7t\u0131.<\/p>\n<p>Hayat\u0131 boyunca halk\u0131n duygular\u0131n\u0131, ac\u0131lar\u0131n\u0131 ve umutlar\u0131n\u0131 yal\u0131n \u015fekilde dile getiren \u00c2\u015f\u0131k Veysel, eserlerinde sevgi, birlik, toprak ve insanl\u0131k temalar\u0131n\u0131 i\u015fledi. \u201cUzun \u0130nce Bir Yolday\u0131m\u201d gibi unutulmaz t\u00fcrk\u00fcleriyle T\u00fcrk halk m\u00fczi\u011finde derin izler b\u0131rakt\u0131.<\/p>\n<p>1973 y\u0131l\u0131nda hayata veda eden b\u00fcy\u00fck ozan, aradan ge\u00e7en y\u0131llara ra\u011fmen eserleriyle ya\u015famaya devam ediyor. Anadolu\u2019nun sesi olarak haf\u0131zalara kaz\u0131nan \u00c2\u015f\u0131k Veysel, her y\u0131l oldu\u011fu gibi bu y\u0131l da \u00f6zlem ve minnetle an\u0131l\u0131yor.<\/p>\n","protected":false},"excerpt":{"rendered":"<p>Bu D\u00fcnyadan Bir Veysel Ge\u00e7ti&#8230; Anadolu\u2019nun yeti\u015ftirdi\u011fi en b\u00fcy\u00fck ozanlardan biri olan \u00c2\u015f\u0131k Veysel \u015eat\u0131ro\u011flu, vefat\u0131n\u0131n y\u0131l d\u00f6n\u00fcm\u00fcnde sayg\u0131 ve rahmetle an\u0131l\u0131yor. Sivas\u2019\u0131n \u015eark\u0131\u015fla il\u00e7esinde 1894 y\u0131l\u0131nda d\u00fcnyaya gelen Veysel, k\u00fc\u00e7\u00fck ya\u015fta ge\u00e7irdi\u011fi \u00e7i\u00e7ek hastal\u0131\u011f\u0131 sonucu g\u00f6rme yetisini kaybetmesine ra\u011fmen, saz\u0131 ve s\u00f6z\u00fcyle g\u00f6n\u00fcl g\u00f6z\u00fcn\u00fc t\u00fcm d\u00fcnyaya a\u00e7t\u0131. Hayat\u0131 boyunca halk\u0131n duygular\u0131n\u0131, ac\u0131lar\u0131n\u0131 ve umutlar\u0131n\u0131 [&hellip;]<\/p>\n","protected":false},"author":1,"featured_media":1974,"comment_status":"open","ping_status":"open","sticky":false,"template":"","format":"standard","meta":{"footnotes":""},"categories":[7],"tags":[],"class_list":["post-1973","post","type-post","status-publish","format-standard","has-post-thumbnail","hentry","category-turkiye"],"_links":{"self":[{"href":"https:\/\/www.kirsehirses.com\/index.php\/wp-json\/wp\/v2\/posts\/1973","targetHints":{"allow":["GET"]}}],"collection":[{"href":"https:\/\/www.kirsehirses.com\/index.php\/wp-json\/wp\/v2\/posts"}],"about":[{"href":"https:\/\/www.kirsehirses.com\/index.php\/wp-json\/wp\/v2\/types\/post"}],"author":[{"embeddable":true,"href":"https:\/\/www.kirsehirses.com\/index.php\/wp-json\/wp\/v2\/users\/1"}],"replies":[{"embeddable":true,"href":"https:\/\/www.kirsehirses.com\/index.php\/wp-json\/wp\/v2\/comments?post=1973"}],"version-history":[{"count":1,"href":"https:\/\/www.kirsehirses.com\/index.php\/wp-json\/wp\/v2\/posts\/1973\/revisions"}],"predecessor-version":[{"id":1975,"href":"https:\/\/www.kirsehirses.com\/index.php\/wp-json\/wp\/v2\/posts\/1973\/revisions\/1975"}],"wp:featuredmedia":[{"embeddable":true,"href":"https:\/\/www.kirsehirses.com\/index.php\/wp-json\/wp\/v2\/media\/1974"}],"wp:attachment":[{"href":"https:\/\/www.kirsehirses.com\/index.php\/wp-json\/wp\/v2\/media?parent=1973"}],"wp:term":[{"taxonomy":"category","embeddable":true,"href":"https:\/\/www.kirsehirses.com\/index.php\/wp-json\/wp\/v2\/categories?post=1973"},{"taxonomy":"post_tag","embeddable":true,"href":"https:\/\/www.kirsehirses.com\/index.php\/wp-json\/wp\/v2\/tags?post=1973"}],"curies":[{"name":"wp","href":"https:\/\/api.w.org\/{rel}","templated":true}]}}