{"id":1989,"date":"2026-03-23T07:48:06","date_gmt":"2026-03-23T04:48:06","guid":{"rendered":"https:\/\/www.kirsehirses.com\/?p=1989"},"modified":"2026-03-23T07:48:06","modified_gmt":"2026-03-23T04:48:06","slug":"katar-sehidimiz-ankarada-topraga-verilecek","status":"publish","type":"post","link":"https:\/\/www.kirsehirses.com\/index.php\/2026\/03\/23\/katar-sehidimiz-ankarada-topraga-verilecek\/","title":{"rendered":"Katar \u015eehidimiz Ankara\u2019da Topra\u011fa Verilecek"},"content":{"rendered":"<p><strong>Katar \u015eehidimiz Ankara\u2019da Topra\u011fa Verilecek<\/strong><\/p>\n<p>Katar\u2019da meydana gelen helikopter kazas\u0131nda \u015fehit olan 3 T\u00fcrk g\u00f6revlisinden birisi olan ASELSAN teknisyeni S\u00fcleyman Cemre Kahraman, Ankara\u2019da d\u00fczenlenecek t\u00f6renle son yolculu\u011funa u\u011furlanacak.<\/p>\n<p>Dulkadirli Kartalkaya n\u00fcfusuna kay\u0131tl\u0131, 30 ya\u015f\u0131ndaki \u015eehidin cenazesi, 23 Mart Pazartesi g\u00fcn\u00fc \u00f6\u011fle namaz\u0131n\u0131n ard\u0131ndan Ahmet Hamdi Akseki Camii\u2019nde k\u0131l\u0131nacak cenaze namaz\u0131 sonras\u0131 Cebeci Askeri \u015eehitli\u011fi\u2019nde topra\u011fa verilecek.<\/p>\n<p>\u015eehidimizin Ankara\u2019da ya\u015fayan ailesinin taziyeleri \u00c7ankaya Seyran\u2019da bulunan Dulkadirliler Derne\u011fi\u2019nde kabul edilece\u011fi \u00f6\u011frenildi.<\/p>\n","protected":false},"excerpt":{"rendered":"<p>Katar \u015eehidimiz Ankara\u2019da Topra\u011fa Verilecek Katar\u2019da meydana gelen helikopter kazas\u0131nda \u015fehit olan 3 T\u00fcrk g\u00f6revlisinden birisi olan ASELSAN teknisyeni S\u00fcleyman Cemre Kahraman, Ankara\u2019da d\u00fczenlenecek t\u00f6renle son yolculu\u011funa u\u011furlanacak. Dulkadirli Kartalkaya n\u00fcfusuna kay\u0131tl\u0131, 30 ya\u015f\u0131ndaki \u015eehidin cenazesi, 23 Mart Pazartesi g\u00fcn\u00fc \u00f6\u011fle namaz\u0131n\u0131n ard\u0131ndan Ahmet Hamdi Akseki Camii\u2019nde k\u0131l\u0131nacak cenaze namaz\u0131 sonras\u0131 Cebeci Askeri \u015eehitli\u011fi\u2019nde topra\u011fa [&hellip;]<\/p>\n","protected":false},"author":1,"featured_media":1990,"comment_status":"open","ping_status":"open","sticky":false,"template":"","format":"standard","meta":{"footnotes":""},"categories":[8,7],"tags":[],"class_list":["post-1989","post","type-post","status-publish","format-standard","has-post-thumbnail","hentry","category-kirsehir","category-turkiye"],"_links":{"self":[{"href":"https:\/\/www.kirsehirses.com\/index.php\/wp-json\/wp\/v2\/posts\/1989","targetHints":{"allow":["GET"]}}],"collection":[{"href":"https:\/\/www.kirsehirses.com\/index.php\/wp-json\/wp\/v2\/posts"}],"about":[{"href":"https:\/\/www.kirsehirses.com\/index.php\/wp-json\/wp\/v2\/types\/post"}],"author":[{"embeddable":true,"href":"https:\/\/www.kirsehirses.com\/index.php\/wp-json\/wp\/v2\/users\/1"}],"replies":[{"embeddable":true,"href":"https:\/\/www.kirsehirses.com\/index.php\/wp-json\/wp\/v2\/comments?post=1989"}],"version-history":[{"count":1,"href":"https:\/\/www.kirsehirses.com\/index.php\/wp-json\/wp\/v2\/posts\/1989\/revisions"}],"predecessor-version":[{"id":1991,"href":"https:\/\/www.kirsehirses.com\/index.php\/wp-json\/wp\/v2\/posts\/1989\/revisions\/1991"}],"wp:featuredmedia":[{"embeddable":true,"href":"https:\/\/www.kirsehirses.com\/index.php\/wp-json\/wp\/v2\/media\/1990"}],"wp:attachment":[{"href":"https:\/\/www.kirsehirses.com\/index.php\/wp-json\/wp\/v2\/media?parent=1989"}],"wp:term":[{"taxonomy":"category","embeddable":true,"href":"https:\/\/www.kirsehirses.com\/index.php\/wp-json\/wp\/v2\/categories?post=1989"},{"taxonomy":"post_tag","embeddable":true,"href":"https:\/\/www.kirsehirses.com\/index.php\/wp-json\/wp\/v2\/tags?post=1989"}],"curies":[{"name":"wp","href":"https:\/\/api.w.org\/{rel}","templated":true}]}}