{"id":1998,"date":"2026-03-24T02:14:54","date_gmt":"2026-03-23T23:14:54","guid":{"rendered":"https:\/\/www.kirsehirses.com\/?p=1998"},"modified":"2026-03-24T02:14:54","modified_gmt":"2026-03-23T23:14:54","slug":"kirsehirde-200-kilo-kacak-tutun-ele-gecirildi","status":"publish","type":"post","link":"https:\/\/www.kirsehirses.com\/index.php\/2026\/03\/24\/kirsehirde-200-kilo-kacak-tutun-ele-gecirildi\/","title":{"rendered":"K\u0131r\u015fehir\u2019de 200 Kilo Ka\u00e7ak T\u00fct\u00fcn Ele Ge\u00e7irildi"},"content":{"rendered":"<p><strong>K\u0131r\u015fehir\u2019de 200 Kilo Ka\u00e7ak T\u00fct\u00fcn Ele Ge\u00e7irildi<\/strong><\/p>\n<p>K\u0131r\u015fehir\u2019de polis ekiplerince d\u00fczenlenen operasyonda bir kamyonetin kasas\u0131nda 200 kilogram k\u0131y\u0131lm\u0131\u015f t\u00fct\u00fcn ele ge\u00e7irildi, 1 \u015f\u00fcpheli g\u00f6zalt\u0131na al\u0131nd\u0131.<\/p>\n<p>\u0130l Emniyet M\u00fcd\u00fcrl\u00fc\u011f\u00fc Ka\u00e7ak\u00e7\u0131l\u0131k ve Organize Su\u00e7larla M\u00fccadele \u015eubesi ile Kaman \u0130l\u00e7e Emniyet M\u00fcd\u00fcrl\u00fc\u011f\u00fc ekipleri, ka\u00e7ak t\u00fct\u00fcn ticaretine y\u00f6nelik \u00e7al\u0131\u015fmalar kapsam\u0131nda il\u00e7e giri\u015finde bir kamyoneti durdurdu.<\/p>\n<p>Ara\u00e7ta yap\u0131lan aramada, 5 kilograml\u0131k paketler halinde toplam 200 kilogram k\u0131y\u0131lm\u0131\u015f t\u00fct\u00fcn bulundu.<\/p>\n<p>Olayla ilgili g\u00f6zalt\u0131na al\u0131nan M.A. hakk\u0131nda adli ve idari i\u015flem ba\u015flat\u0131ld\u0131\u011f\u0131 \u00f6\u011frenildi.<\/p>\n","protected":false},"excerpt":{"rendered":"<p>K\u0131r\u015fehir\u2019de 200 Kilo Ka\u00e7ak T\u00fct\u00fcn Ele Ge\u00e7irildi K\u0131r\u015fehir\u2019de polis ekiplerince d\u00fczenlenen operasyonda bir kamyonetin kasas\u0131nda 200 kilogram k\u0131y\u0131lm\u0131\u015f t\u00fct\u00fcn ele ge\u00e7irildi, 1 \u015f\u00fcpheli g\u00f6zalt\u0131na al\u0131nd\u0131. \u0130l Emniyet M\u00fcd\u00fcrl\u00fc\u011f\u00fc Ka\u00e7ak\u00e7\u0131l\u0131k ve Organize Su\u00e7larla M\u00fccadele \u015eubesi ile Kaman \u0130l\u00e7e Emniyet M\u00fcd\u00fcrl\u00fc\u011f\u00fc ekipleri, ka\u00e7ak t\u00fct\u00fcn ticaretine y\u00f6nelik \u00e7al\u0131\u015fmalar kapsam\u0131nda il\u00e7e giri\u015finde bir kamyoneti durdurdu. Ara\u00e7ta yap\u0131lan aramada, 5 [&hellip;]<\/p>\n","protected":false},"author":1,"featured_media":1999,"comment_status":"open","ping_status":"open","sticky":false,"template":"","format":"standard","meta":{"footnotes":""},"categories":[8],"tags":[],"class_list":["post-1998","post","type-post","status-publish","format-standard","has-post-thumbnail","hentry","category-kirsehir"],"_links":{"self":[{"href":"https:\/\/www.kirsehirses.com\/index.php\/wp-json\/wp\/v2\/posts\/1998","targetHints":{"allow":["GET"]}}],"collection":[{"href":"https:\/\/www.kirsehirses.com\/index.php\/wp-json\/wp\/v2\/posts"}],"about":[{"href":"https:\/\/www.kirsehirses.com\/index.php\/wp-json\/wp\/v2\/types\/post"}],"author":[{"embeddable":true,"href":"https:\/\/www.kirsehirses.com\/index.php\/wp-json\/wp\/v2\/users\/1"}],"replies":[{"embeddable":true,"href":"https:\/\/www.kirsehirses.com\/index.php\/wp-json\/wp\/v2\/comments?post=1998"}],"version-history":[{"count":1,"href":"https:\/\/www.kirsehirses.com\/index.php\/wp-json\/wp\/v2\/posts\/1998\/revisions"}],"predecessor-version":[{"id":2000,"href":"https:\/\/www.kirsehirses.com\/index.php\/wp-json\/wp\/v2\/posts\/1998\/revisions\/2000"}],"wp:featuredmedia":[{"embeddable":true,"href":"https:\/\/www.kirsehirses.com\/index.php\/wp-json\/wp\/v2\/media\/1999"}],"wp:attachment":[{"href":"https:\/\/www.kirsehirses.com\/index.php\/wp-json\/wp\/v2\/media?parent=1998"}],"wp:term":[{"taxonomy":"category","embeddable":true,"href":"https:\/\/www.kirsehirses.com\/index.php\/wp-json\/wp\/v2\/categories?post=1998"},{"taxonomy":"post_tag","embeddable":true,"href":"https:\/\/www.kirsehirses.com\/index.php\/wp-json\/wp\/v2\/tags?post=1998"}],"curies":[{"name":"wp","href":"https:\/\/api.w.org\/{rel}","templated":true}]}}