{"id":2010,"date":"2026-03-24T02:27:00","date_gmt":"2026-03-23T23:27:00","guid":{"rendered":"https:\/\/www.kirsehirses.com\/?p=2010"},"modified":"2026-03-24T02:27:00","modified_gmt":"2026-03-23T23:27:00","slug":"ramazan-bayram-nevruz-ve-ozel-gunler","status":"publish","type":"post","link":"https:\/\/www.kirsehirses.com\/index.php\/2026\/03\/24\/ramazan-bayram-nevruz-ve-ozel-gunler\/","title":{"rendered":"Ramazan-Bayram-Nevruz ve \u00d6zel G\u00fcnler"},"content":{"rendered":"<p><strong>Ramazan-Bayram-Nevruz ve \u00d6zel G\u00fcnler<\/strong><\/p>\n<p>Yo\u011fun ve anlam y\u00fckl\u00fc bir s\u00fcreci geride b\u0131rakt\u0131k. 19 \u015eubat\u2019ta ba\u015flayan m\u00fcbarek Ramazan ay\u0131; ho\u015fg\u00f6r\u00fc, payla\u015fma ve dayan\u0131\u015fma ikliminde ge\u00e7ti. G\u00f6n\u00fcl sofralar\u0131nda bulu\u015fan insanlar, birlik ve beraberli\u011fin en g\u00fczel \u00f6rneklerini sergiledi.<\/p>\n<p>Ard\u0131ndan bayrama kavu\u015ftuk. Bayram; k\u0131rg\u0131nl\u0131klar\u0131n unutuldu\u011fu, sevgi ve muhabbetin \u00e7o\u011fald\u0131\u011f\u0131 en k\u0131ymetli zamanlardan biridir. K\u0131r\u015fehir de k\u00f6kl\u00fc k\u00fclt\u00fcr\u00fc, irfan\u0131 ve Ahilik gelene\u011finden ald\u0131\u011f\u0131 g\u00fc\u00e7le bu ruhu en g\u00fczel \u015fekilde ya\u015fayan \u015fehirlerden biri oldu. B\u00fcy\u00fckler ziyaret edildi, \u00e7ocuklar\u0131n sevinci payla\u015f\u0131ld\u0131, ihtiya\u00e7 sahipleri unutulmad\u0131.<\/p>\n<p>Bayram g\u00fcnleri i\u00e7inde bir ba\u015fka anlaml\u0131 g\u00fcn daha vard\u0131: Nevruz. T\u00fcrk\u2019\u00fcn bayram\u0131 Nevruz. Bahar\u0131n m\u00fcjdecisi olan bu \u00f6zel g\u00fcn, do\u011fan\u0131n uyan\u0131\u015f\u0131n\u0131 ve yeniden dirili\u015fi simgelerken; birlik, karde\u015flik ve umut mesajlar\u0131yla kutland\u0131.<\/p>\n<p>18\u201324 Mart tarihleri aras\u0131nda idrak edilen Ya\u015fl\u0131lara Sayg\u0131 Haftas\u0131 da toplumumuzun vefa duygusunu bir kez daha ortaya koydu. B\u00fcy\u00fcklerimiz ziyaret edildi, yaln\u0131z olmad\u0131klar\u0131 hissettirildi.<\/p>\n<p>21 Mart ayn\u0131 zamanda D\u00fcnya Down Sendromu Fark\u0131ndal\u0131k G\u00fcn\u00fc idi. Down sendromlu bireyler; sevginin, samimiyetin ve ger\u00e7ek mutlulu\u011fun en saf halini bizlere hat\u0131rlat\u0131yor. Onlar\u0131n hayat\u0131n her alan\u0131nda daha g\u00f6r\u00fcn\u00fcr olmas\u0131, hepimizin ortak sorumlulu\u011fudur.<\/p>\n<p>Ancak t\u00fcm bu g\u00fczelliklerin yan\u0131nda y\u00fcre\u011fimizi yakan ac\u0131lar da ya\u015fand\u0131. Aksaray\u2019da bayram g\u00fcn\u00fc ya\u015fanan aile facias\u0131nda bir kad\u0131n\u0131n hayat\u0131n\u0131 kaybetmesi, kad\u0131na y\u00f6nelik \u015fiddetin h\u00e2l\u00e2 \u00e7\u00f6z\u00fclemeyen bir sorun oldu\u011funu bir kez daha g\u00f6zler \u00f6n\u00fcne serdi.<\/p>\n<p>Yine 21 Mart\u2019ta Katar\u2019da meydana gelen helikopter kazas\u0131nda 3\u2019\u00fc T\u00fcrk 7 ki\u015finin \u015fehit olmas\u0131, millet\u00e7e derin bir \u00fcz\u00fcnt\u00fcye neden oldu. K\u0131r\u015fehirli bir evlad\u0131m\u0131z\u0131n da bu kazada \u015fehit d\u00fc\u015fmesi, ac\u0131y\u0131 daha da yak\u0131ndan hissetmemize sebep oldu.<\/p>\n<p>T\u00fcm bu h\u00fcz\u00fcnlerin yan\u0131nda y\u00fcre\u011fimizi \u0131s\u0131tan anlar da vard\u0131. Hepimizin yak\u0131ndan tan\u0131d\u0131\u011f\u0131, neredeyse elimizde b\u00fcy\u00fcd\u00fc diyece\u011fimiz \u00f6zel bir karde\u015fimiz var, Ercan. \u015eimdi K\u0131r\u015fehir Engelsiz Ya\u015fam Merkezi\u2019nde ya\u015fayan Ercan\u2019\u0131n, AK Parti \u0130l Ba\u015fkan\u0131 Seher \u00dcnsal ile bayramla\u015fmas\u0131nda ya\u015fad\u0131\u011f\u0131 mutluluk; samimiyetin ve insanl\u0131\u011f\u0131n en g\u00fczel \u00f6rneklerinden biri olarak haf\u0131zalar\u0131m\u0131za kaz\u0131nd\u0131. G\u00f6n\u00fclleri \u0131s\u0131tt\u0131.<\/p>\n<p>Hayat; sevin\u00e7le h\u00fczn\u00fcn i\u00e7 i\u00e7e ge\u00e7ti\u011fi bir yolculuk. \u00d6nemli olan, her \u015fartta insan kalabilmek, dayan\u0131\u015fmay\u0131 s\u00fcrd\u00fcrebilmek ve birbirimize sahip \u00e7\u0131kabilmek.<\/p>\n<p>Kal\u0131n sa\u011fl\u0131cakla\u2026<\/p>\n<p><strong>Osman DEM\u0130R<\/strong><\/p>\n<p>&nbsp;<\/p>\n","protected":false},"excerpt":{"rendered":"<p>Ramazan-Bayram-Nevruz ve \u00d6zel G\u00fcnler Yo\u011fun ve anlam y\u00fckl\u00fc bir s\u00fcreci geride b\u0131rakt\u0131k. 19 \u015eubat\u2019ta ba\u015flayan m\u00fcbarek Ramazan ay\u0131; ho\u015fg\u00f6r\u00fc, payla\u015fma ve dayan\u0131\u015fma ikliminde ge\u00e7ti. G\u00f6n\u00fcl sofralar\u0131nda bulu\u015fan insanlar, birlik ve beraberli\u011fin en g\u00fczel \u00f6rneklerini sergiledi. Ard\u0131ndan bayrama kavu\u015ftuk. Bayram; k\u0131rg\u0131nl\u0131klar\u0131n unutuldu\u011fu, sevgi ve muhabbetin \u00e7o\u011fald\u0131\u011f\u0131 en k\u0131ymetli zamanlardan biridir. K\u0131r\u015fehir de k\u00f6kl\u00fc k\u00fclt\u00fcr\u00fc, irfan\u0131 ve [&hellip;]<\/p>\n","protected":false},"author":1,"featured_media":2011,"comment_status":"open","ping_status":"open","sticky":false,"template":"","format":"standard","meta":{"footnotes":""},"categories":[8],"tags":[],"class_list":["post-2010","post","type-post","status-publish","format-standard","has-post-thumbnail","hentry","category-kirsehir"],"_links":{"self":[{"href":"https:\/\/www.kirsehirses.com\/index.php\/wp-json\/wp\/v2\/posts\/2010","targetHints":{"allow":["GET"]}}],"collection":[{"href":"https:\/\/www.kirsehirses.com\/index.php\/wp-json\/wp\/v2\/posts"}],"about":[{"href":"https:\/\/www.kirsehirses.com\/index.php\/wp-json\/wp\/v2\/types\/post"}],"author":[{"embeddable":true,"href":"https:\/\/www.kirsehirses.com\/index.php\/wp-json\/wp\/v2\/users\/1"}],"replies":[{"embeddable":true,"href":"https:\/\/www.kirsehirses.com\/index.php\/wp-json\/wp\/v2\/comments?post=2010"}],"version-history":[{"count":1,"href":"https:\/\/www.kirsehirses.com\/index.php\/wp-json\/wp\/v2\/posts\/2010\/revisions"}],"predecessor-version":[{"id":2012,"href":"https:\/\/www.kirsehirses.com\/index.php\/wp-json\/wp\/v2\/posts\/2010\/revisions\/2012"}],"wp:featuredmedia":[{"embeddable":true,"href":"https:\/\/www.kirsehirses.com\/index.php\/wp-json\/wp\/v2\/media\/2011"}],"wp:attachment":[{"href":"https:\/\/www.kirsehirses.com\/index.php\/wp-json\/wp\/v2\/media?parent=2010"}],"wp:term":[{"taxonomy":"category","embeddable":true,"href":"https:\/\/www.kirsehirses.com\/index.php\/wp-json\/wp\/v2\/categories?post=2010"},{"taxonomy":"post_tag","embeddable":true,"href":"https:\/\/www.kirsehirses.com\/index.php\/wp-json\/wp\/v2\/tags?post=2010"}],"curies":[{"name":"wp","href":"https:\/\/api.w.org\/{rel}","templated":true}]}}