{"id":2014,"date":"2026-03-28T03:31:03","date_gmt":"2026-03-28T00:31:03","guid":{"rendered":"https:\/\/www.kirsehirses.com\/?p=2014"},"modified":"2026-03-28T03:31:03","modified_gmt":"2026-03-28T00:31:03","slug":"kirsehirde-nevruz-bayrami-coskuyla-kutlandi","status":"publish","type":"post","link":"https:\/\/www.kirsehirses.com\/index.php\/2026\/03\/28\/kirsehirde-nevruz-bayrami-coskuyla-kutlandi\/","title":{"rendered":"K\u0131r\u015fehir&#8217;de Nevruz Bayram\u0131 Co\u015fkuyla Kutland\u0131"},"content":{"rendered":"<p><strong>K\u0131r\u015fehir&#8217;de Nevruz Bayram\u0131 Co\u015fkuyla Kutland\u0131<\/strong><\/p>\n<p>T\u00fcrk D\u00fcnyas\u0131\u2019n\u0131n ortak k\u00fclt\u00fcrel miraslar\u0131ndan biri olan ve bahar\u0131n geli\u015fini simgeleyen Nevruz Bayram\u0131 K\u0131r\u015fehir\u2019de co\u015fkuyla kutland\u0131.<\/p>\n<p>Orta Asya\u2019dan Anadolu\u2019ya ve Balkanlara kadar T\u00fcrklerin ya\u015fad\u0131\u011f\u0131 geni\u015f bir co\u011frafyada kutlanan Nevruz, birlik, beraberlik ve yeniden do\u011fu\u015fun sembol\u00fc olarak ya\u015fat\u0131lmaya devam ediyor.<\/p>\n<p>\u0130l K\u00fclt\u00fcr ve Turizm M\u00fcd\u00fcrl\u00fc\u011f\u00fcnce Cacabey meydan\u0131nda d\u00fczenlenen programa Vali Yard\u0131mc\u0131s\u0131 \u0130smail \u00c7etinkaya, protokol \u00fcyeleri, \u00f6\u011frenciler ve \u00e7ok say\u0131da vatanda\u015f kat\u0131ld\u0131.<\/p>\n<p>Program\u0131n a\u00e7\u0131l\u0131\u015f konu\u015fmas\u0131n\u0131 yapan KAE\u00dc Dr. \u00d6\u011fretim \u00dcyesi Bilge Esirgen Nevruz\u2019un tarih\u00e7esi hakk\u0131nda bilgiler verdi. Ard\u0131ndan Nevruz ate\u015fi yak\u0131ld\u0131 ve \u00f6\u011frenciler halat \u00e7ekme ve yumurta ta\u015f\u0131ma yar\u0131\u015fmalar\u0131 yapt\u0131.<\/p>\n<p>T\u00fcrklerin demir da\u011flar\u0131 eriterek Ergenekon\u2019dan \u00c7\u0131k\u0131\u015f\u0131n\u0131 simgeleyen \u00f6rs \u00fczerinde demir d\u00f6vme gelene\u011fi ve ate\u015f \u00fczerinde atlama gelene\u011fi ger\u00e7ekle\u015ftirildi.<\/p>\n<p>Etkinlik davul ve zurna e\u015fli\u011finde halay \u00e7ekilmesi ve halk oyunlar\u0131 g\u00f6sterisi ile sona erdi.<\/p>\n","protected":false},"excerpt":{"rendered":"<p>K\u0131r\u015fehir&#8217;de Nevruz Bayram\u0131 Co\u015fkuyla Kutland\u0131 T\u00fcrk D\u00fcnyas\u0131\u2019n\u0131n ortak k\u00fclt\u00fcrel miraslar\u0131ndan biri olan ve bahar\u0131n geli\u015fini simgeleyen Nevruz Bayram\u0131 K\u0131r\u015fehir\u2019de co\u015fkuyla kutland\u0131. Orta Asya\u2019dan Anadolu\u2019ya ve Balkanlara kadar T\u00fcrklerin ya\u015fad\u0131\u011f\u0131 geni\u015f bir co\u011frafyada kutlanan Nevruz, birlik, beraberlik ve yeniden do\u011fu\u015fun sembol\u00fc olarak ya\u015fat\u0131lmaya devam ediyor. \u0130l K\u00fclt\u00fcr ve Turizm M\u00fcd\u00fcrl\u00fc\u011f\u00fcnce Cacabey meydan\u0131nda d\u00fczenlenen programa Vali Yard\u0131mc\u0131s\u0131 [&hellip;]<\/p>\n","protected":false},"author":1,"featured_media":2015,"comment_status":"open","ping_status":"open","sticky":false,"template":"","format":"standard","meta":{"footnotes":""},"categories":[8],"tags":[],"class_list":["post-2014","post","type-post","status-publish","format-standard","has-post-thumbnail","hentry","category-kirsehir"],"_links":{"self":[{"href":"https:\/\/www.kirsehirses.com\/index.php\/wp-json\/wp\/v2\/posts\/2014","targetHints":{"allow":["GET"]}}],"collection":[{"href":"https:\/\/www.kirsehirses.com\/index.php\/wp-json\/wp\/v2\/posts"}],"about":[{"href":"https:\/\/www.kirsehirses.com\/index.php\/wp-json\/wp\/v2\/types\/post"}],"author":[{"embeddable":true,"href":"https:\/\/www.kirsehirses.com\/index.php\/wp-json\/wp\/v2\/users\/1"}],"replies":[{"embeddable":true,"href":"https:\/\/www.kirsehirses.com\/index.php\/wp-json\/wp\/v2\/comments?post=2014"}],"version-history":[{"count":1,"href":"https:\/\/www.kirsehirses.com\/index.php\/wp-json\/wp\/v2\/posts\/2014\/revisions"}],"predecessor-version":[{"id":2016,"href":"https:\/\/www.kirsehirses.com\/index.php\/wp-json\/wp\/v2\/posts\/2014\/revisions\/2016"}],"wp:featuredmedia":[{"embeddable":true,"href":"https:\/\/www.kirsehirses.com\/index.php\/wp-json\/wp\/v2\/media\/2015"}],"wp:attachment":[{"href":"https:\/\/www.kirsehirses.com\/index.php\/wp-json\/wp\/v2\/media?parent=2014"}],"wp:term":[{"taxonomy":"category","embeddable":true,"href":"https:\/\/www.kirsehirses.com\/index.php\/wp-json\/wp\/v2\/categories?post=2014"},{"taxonomy":"post_tag","embeddable":true,"href":"https:\/\/www.kirsehirses.com\/index.php\/wp-json\/wp\/v2\/tags?post=2014"}],"curies":[{"name":"wp","href":"https:\/\/api.w.org\/{rel}","templated":true}]}}