{"id":2017,"date":"2026-03-28T04:05:04","date_gmt":"2026-03-28T01:05:04","guid":{"rendered":"https:\/\/www.kirsehirses.com\/?p=2017"},"modified":"2026-03-28T04:05:04","modified_gmt":"2026-03-28T01:05:04","slug":"kirsehirde-6-yil-8-ay-hapis-cezali-hukumlu-yakalandi","status":"publish","type":"post","link":"https:\/\/www.kirsehirses.com\/index.php\/2026\/03\/28\/kirsehirde-6-yil-8-ay-hapis-cezali-hukumlu-yakalandi\/","title":{"rendered":"K\u0131r\u015fehir&#8217;de 6 Y\u0131l 8 Ay Hapis Cezal\u0131 H\u00fck\u00fcml\u00fc Yakaland\u0131"},"content":{"rendered":"<p><strong>K\u0131r\u015fehir&#8217;de 6 Y\u0131l 8 Ay Hapis Cezal\u0131 H\u00fck\u00fcml\u00fc Yakaland\u0131<\/strong><\/p>\n<p>K\u0131r\u015fehir \u0130l Jandarma Komutanl\u0131\u011f\u0131 Jandarma Su\u00e7 Ara\u015ft\u0131rma Timi (JASAT) taraf\u0131ndan aranan \u015fah\u0131slar\u0131n yakalanmas\u0131na y\u00f6nelik y\u00fcr\u00fct\u00fclen \u00e7al\u0131\u015fmalar kapsam\u0131nda, A.E. isimli \u015fahs\u0131n 6 y\u0131l 8 ay kesinle\u015fmi\u015f hapis cezas\u0131 ile arand\u0131\u011f\u0131 tespit edildi.<\/p>\n<p>D\u00fczenlenen operasyonla yakalanan h\u00fck\u00fcml\u00fc, K\u0131r\u015fehir Adliyesi\u2019ndeki i\u015flemlerinin ard\u0131ndan K\u0131r\u015fehir E Tipi Kapal\u0131 Ceza \u0130nfaz Kurumu\u2019na teslim edildi.<\/p>\n","protected":false},"excerpt":{"rendered":"<p>K\u0131r\u015fehir&#8217;de 6 Y\u0131l 8 Ay Hapis Cezal\u0131 H\u00fck\u00fcml\u00fc Yakaland\u0131 K\u0131r\u015fehir \u0130l Jandarma Komutanl\u0131\u011f\u0131 Jandarma Su\u00e7 Ara\u015ft\u0131rma Timi (JASAT) taraf\u0131ndan aranan \u015fah\u0131slar\u0131n yakalanmas\u0131na y\u00f6nelik y\u00fcr\u00fct\u00fclen \u00e7al\u0131\u015fmalar kapsam\u0131nda, A.E. isimli \u015fahs\u0131n 6 y\u0131l 8 ay kesinle\u015fmi\u015f hapis cezas\u0131 ile arand\u0131\u011f\u0131 tespit edildi. D\u00fczenlenen operasyonla yakalanan h\u00fck\u00fcml\u00fc, K\u0131r\u015fehir Adliyesi\u2019ndeki i\u015flemlerinin ard\u0131ndan K\u0131r\u015fehir E Tipi Kapal\u0131 Ceza \u0130nfaz Kurumu\u2019na [&hellip;]<\/p>\n","protected":false},"author":1,"featured_media":2018,"comment_status":"open","ping_status":"open","sticky":false,"template":"","format":"standard","meta":{"footnotes":""},"categories":[8],"tags":[],"class_list":["post-2017","post","type-post","status-publish","format-standard","has-post-thumbnail","hentry","category-kirsehir"],"_links":{"self":[{"href":"https:\/\/www.kirsehirses.com\/index.php\/wp-json\/wp\/v2\/posts\/2017","targetHints":{"allow":["GET"]}}],"collection":[{"href":"https:\/\/www.kirsehirses.com\/index.php\/wp-json\/wp\/v2\/posts"}],"about":[{"href":"https:\/\/www.kirsehirses.com\/index.php\/wp-json\/wp\/v2\/types\/post"}],"author":[{"embeddable":true,"href":"https:\/\/www.kirsehirses.com\/index.php\/wp-json\/wp\/v2\/users\/1"}],"replies":[{"embeddable":true,"href":"https:\/\/www.kirsehirses.com\/index.php\/wp-json\/wp\/v2\/comments?post=2017"}],"version-history":[{"count":1,"href":"https:\/\/www.kirsehirses.com\/index.php\/wp-json\/wp\/v2\/posts\/2017\/revisions"}],"predecessor-version":[{"id":2019,"href":"https:\/\/www.kirsehirses.com\/index.php\/wp-json\/wp\/v2\/posts\/2017\/revisions\/2019"}],"wp:featuredmedia":[{"embeddable":true,"href":"https:\/\/www.kirsehirses.com\/index.php\/wp-json\/wp\/v2\/media\/2018"}],"wp:attachment":[{"href":"https:\/\/www.kirsehirses.com\/index.php\/wp-json\/wp\/v2\/media?parent=2017"}],"wp:term":[{"taxonomy":"category","embeddable":true,"href":"https:\/\/www.kirsehirses.com\/index.php\/wp-json\/wp\/v2\/categories?post=2017"},{"taxonomy":"post_tag","embeddable":true,"href":"https:\/\/www.kirsehirses.com\/index.php\/wp-json\/wp\/v2\/tags?post=2017"}],"curies":[{"name":"wp","href":"https:\/\/api.w.org\/{rel}","templated":true}]}}