{"id":2026,"date":"2026-03-28T04:13:39","date_gmt":"2026-03-28T01:13:39","guid":{"rendered":"https:\/\/www.kirsehirses.com\/?p=2026"},"modified":"2026-03-28T04:13:39","modified_gmt":"2026-03-28T01:13:39","slug":"kirsehir-ak-parti-heyetinden-bakan-ziyareti-ve-taziye","status":"publish","type":"post","link":"https:\/\/www.kirsehirses.com\/index.php\/2026\/03\/28\/kirsehir-ak-parti-heyetinden-bakan-ziyareti-ve-taziye\/","title":{"rendered":"K\u0131r\u015fehir AK Parti Heyetinden Bakan Ziyareti ve Taziye"},"content":{"rendered":"<p><strong>K\u0131r\u015fehir AK Parti Heyetinden Bakan Ziyareti ve Taziye<\/strong><\/p>\n<p>AK Parti K\u0131r\u015fehir \u0130l Ba\u015fkan\u0131 Seher \u00dcnsal ba\u015fkanl\u0131\u011f\u0131ndaki heyet Ankara\u2019da ger\u00e7ekle\u015ftirdi\u011fi temaslar kapsam\u0131nda \u0130\u00e7i\u015fleri Bakan\u0131 Mustafa \u00c7ift\u00e7i\u2019yi makam\u0131nda ziyaret etti.<\/p>\n<p>G\u00f6r\u00fc\u015fmede Bakan \u00c7ift\u00e7i\u2019nin devlet tecr\u00fcbesi, \u00e7\u00f6z\u00fcm odakl\u0131 yakla\u015f\u0131m\u0131 ve K\u0131r\u015fehir\u2019e olan ilgisi vurguland\u0131. Ayr\u0131ca Bakan \u00c7ift\u00e7i, K\u0131r\u015fehir\u2019e davet edildi.<\/p>\n<p>AK Parti K\u0131r\u015fehir Te\u015fkilat ve Belediye Ba\u015fkanlar\u0131ndan olu\u015fan heyet, Katar\u2019da meydana gelen helikopter kazas\u0131 sonucunda \u015fehit olan hem\u015fehrimiz ASELSAN teknisyeni S\u00fcleyman Cemre Kahraman\u2019\u0131n ailesinede taziye ziyaretinde bulundu. Heyet, \u015fehidin ailesine ba\u015fsa\u011fl\u0131\u011f\u0131 dileklerini ileterek ac\u0131lar\u0131n\u0131 payla\u015ft\u0131.<\/p>\n<p>K\u0131r\u015fehir heyetinin bug\u00fcn \u00f6\u011fleden sonra Adalet Bakan\u0131 Ak\u0131n G\u00fcrlek \u2018e de hay\u0131rl\u0131 olsun ziyaretinde bulunaca\u011f\u0131 \u00f6\u011frenildi.<\/p>\n","protected":false},"excerpt":{"rendered":"<p>K\u0131r\u015fehir AK Parti Heyetinden Bakan Ziyareti ve Taziye AK Parti K\u0131r\u015fehir \u0130l Ba\u015fkan\u0131 Seher \u00dcnsal ba\u015fkanl\u0131\u011f\u0131ndaki heyet Ankara\u2019da ger\u00e7ekle\u015ftirdi\u011fi temaslar kapsam\u0131nda \u0130\u00e7i\u015fleri Bakan\u0131 Mustafa \u00c7ift\u00e7i\u2019yi makam\u0131nda ziyaret etti. G\u00f6r\u00fc\u015fmede Bakan \u00c7ift\u00e7i\u2019nin devlet tecr\u00fcbesi, \u00e7\u00f6z\u00fcm odakl\u0131 yakla\u015f\u0131m\u0131 ve K\u0131r\u015fehir\u2019e olan ilgisi vurguland\u0131. Ayr\u0131ca Bakan \u00c7ift\u00e7i, K\u0131r\u015fehir\u2019e davet edildi. AK Parti K\u0131r\u015fehir Te\u015fkilat ve Belediye Ba\u015fkanlar\u0131ndan olu\u015fan [&hellip;]<\/p>\n","protected":false},"author":1,"featured_media":2027,"comment_status":"open","ping_status":"open","sticky":false,"template":"","format":"standard","meta":{"footnotes":""},"categories":[8],"tags":[],"class_list":["post-2026","post","type-post","status-publish","format-standard","has-post-thumbnail","hentry","category-kirsehir"],"_links":{"self":[{"href":"https:\/\/www.kirsehirses.com\/index.php\/wp-json\/wp\/v2\/posts\/2026","targetHints":{"allow":["GET"]}}],"collection":[{"href":"https:\/\/www.kirsehirses.com\/index.php\/wp-json\/wp\/v2\/posts"}],"about":[{"href":"https:\/\/www.kirsehirses.com\/index.php\/wp-json\/wp\/v2\/types\/post"}],"author":[{"embeddable":true,"href":"https:\/\/www.kirsehirses.com\/index.php\/wp-json\/wp\/v2\/users\/1"}],"replies":[{"embeddable":true,"href":"https:\/\/www.kirsehirses.com\/index.php\/wp-json\/wp\/v2\/comments?post=2026"}],"version-history":[{"count":1,"href":"https:\/\/www.kirsehirses.com\/index.php\/wp-json\/wp\/v2\/posts\/2026\/revisions"}],"predecessor-version":[{"id":2028,"href":"https:\/\/www.kirsehirses.com\/index.php\/wp-json\/wp\/v2\/posts\/2026\/revisions\/2028"}],"wp:featuredmedia":[{"embeddable":true,"href":"https:\/\/www.kirsehirses.com\/index.php\/wp-json\/wp\/v2\/media\/2027"}],"wp:attachment":[{"href":"https:\/\/www.kirsehirses.com\/index.php\/wp-json\/wp\/v2\/media?parent=2026"}],"wp:term":[{"taxonomy":"category","embeddable":true,"href":"https:\/\/www.kirsehirses.com\/index.php\/wp-json\/wp\/v2\/categories?post=2026"},{"taxonomy":"post_tag","embeddable":true,"href":"https:\/\/www.kirsehirses.com\/index.php\/wp-json\/wp\/v2\/tags?post=2026"}],"curies":[{"name":"wp","href":"https:\/\/api.w.org\/{rel}","templated":true}]}}