{"id":2032,"date":"2026-03-28T04:23:26","date_gmt":"2026-03-28T01:23:26","guid":{"rendered":"https:\/\/www.kirsehirses.com\/?p=2032"},"modified":"2026-03-28T04:23:26","modified_gmt":"2026-03-28T01:23:26","slug":"kamanda-kazada-olen-genc-topraga-verildi","status":"publish","type":"post","link":"https:\/\/www.kirsehirses.com\/index.php\/2026\/03\/28\/kamanda-kazada-olen-genc-topraga-verildi\/","title":{"rendered":"Kaman\u2019da Kazada \u00d6len Gen\u00e7 Topra\u011fa Verildi"},"content":{"rendered":"<p><strong>Kaman\u2019da Kazada \u00d6len Gen\u00e7 Topra\u011fa Verildi<\/strong><\/p>\n<p>Kaman il\u00e7esinde d\u00fcn ak\u015fam saatlerinde meydana gelen trafik kazas\u0131nda a\u011f\u0131r yaralanan 22 ya\u015f\u0131ndaki \u00d6mer Dursun, kald\u0131r\u0131ld\u0131\u011f\u0131 hastanede t\u00fcm m\u00fcdahalelere ra\u011fmen hayat\u0131n\u0131 kaybetti.<\/p>\n<p>Edinilen bilgilere g\u00f6re D.K. y\u00f6netimindeki otomobil ile Dursun\u2019un kulland\u0131\u011f\u0131 motosikletin \u00e7arp\u0131\u015fmas\u0131 sonucu gen\u00e7 s\u00fcr\u00fcc\u00fc yola savrularak a\u011f\u0131r yaraland\u0131.<\/p>\n<p>Hastanede yo\u011fun bak\u0131mda tedavi alt\u0131na al\u0131nan Dursun, doktorlar\u0131n \u00e7abas\u0131na ra\u011fmen kurtar\u0131lamad\u0131.<\/p>\n<p>Bekar oldu\u011fu \u00f6\u011frenilen gen\u00e7, bug\u00fcn Kaman \u00c7ar\u015f\u0131 Camii\u2019nde ikindi namaz\u0131na m\u00fcteakip k\u0131l\u0131nan cenaze namaz\u0131n\u0131n ard\u0131ndan Cuma Mahallesi Mezarl\u0131\u011f\u0131\u2019nda topra\u011fa verildi.<\/p>\n<p>\u00d6mer Dursun\u2019un vefat\u0131 ailesi, yak\u0131nlar\u0131 ve Kaman halk\u0131n\u0131 yasa bo\u011farken, kazayla ilgili soru\u015fturman\u0131n s\u00fcrd\u00fc\u011f\u00fc \u00f6\u011frenildi.<\/p>\n<p>K\u0131r\u015fehir Ses Haber olarak merhuma Allah\u2019tan rahmet, kederli ailesine ve yak\u0131nlar\u0131na ba\u015fsa\u011fl\u0131\u011f\u0131 dileriz.<\/p>\n","protected":false},"excerpt":{"rendered":"<p>Kaman\u2019da Kazada \u00d6len Gen\u00e7 Topra\u011fa Verildi Kaman il\u00e7esinde d\u00fcn ak\u015fam saatlerinde meydana gelen trafik kazas\u0131nda a\u011f\u0131r yaralanan 22 ya\u015f\u0131ndaki \u00d6mer Dursun, kald\u0131r\u0131ld\u0131\u011f\u0131 hastanede t\u00fcm m\u00fcdahalelere ra\u011fmen hayat\u0131n\u0131 kaybetti. Edinilen bilgilere g\u00f6re D.K. y\u00f6netimindeki otomobil ile Dursun\u2019un kulland\u0131\u011f\u0131 motosikletin \u00e7arp\u0131\u015fmas\u0131 sonucu gen\u00e7 s\u00fcr\u00fcc\u00fc yola savrularak a\u011f\u0131r yaraland\u0131. Hastanede yo\u011fun bak\u0131mda tedavi alt\u0131na al\u0131nan Dursun, doktorlar\u0131n \u00e7abas\u0131na [&hellip;]<\/p>\n","protected":false},"author":1,"featured_media":2033,"comment_status":"open","ping_status":"open","sticky":false,"template":"","format":"standard","meta":{"footnotes":""},"categories":[8],"tags":[],"class_list":["post-2032","post","type-post","status-publish","format-standard","has-post-thumbnail","hentry","category-kirsehir"],"_links":{"self":[{"href":"https:\/\/www.kirsehirses.com\/index.php\/wp-json\/wp\/v2\/posts\/2032","targetHints":{"allow":["GET"]}}],"collection":[{"href":"https:\/\/www.kirsehirses.com\/index.php\/wp-json\/wp\/v2\/posts"}],"about":[{"href":"https:\/\/www.kirsehirses.com\/index.php\/wp-json\/wp\/v2\/types\/post"}],"author":[{"embeddable":true,"href":"https:\/\/www.kirsehirses.com\/index.php\/wp-json\/wp\/v2\/users\/1"}],"replies":[{"embeddable":true,"href":"https:\/\/www.kirsehirses.com\/index.php\/wp-json\/wp\/v2\/comments?post=2032"}],"version-history":[{"count":1,"href":"https:\/\/www.kirsehirses.com\/index.php\/wp-json\/wp\/v2\/posts\/2032\/revisions"}],"predecessor-version":[{"id":2034,"href":"https:\/\/www.kirsehirses.com\/index.php\/wp-json\/wp\/v2\/posts\/2032\/revisions\/2034"}],"wp:featuredmedia":[{"embeddable":true,"href":"https:\/\/www.kirsehirses.com\/index.php\/wp-json\/wp\/v2\/media\/2033"}],"wp:attachment":[{"href":"https:\/\/www.kirsehirses.com\/index.php\/wp-json\/wp\/v2\/media?parent=2032"}],"wp:term":[{"taxonomy":"category","embeddable":true,"href":"https:\/\/www.kirsehirses.com\/index.php\/wp-json\/wp\/v2\/categories?post=2032"},{"taxonomy":"post_tag","embeddable":true,"href":"https:\/\/www.kirsehirses.com\/index.php\/wp-json\/wp\/v2\/tags?post=2032"}],"curies":[{"name":"wp","href":"https:\/\/api.w.org\/{rel}","templated":true}]}}