{"id":2044,"date":"2026-03-28T04:31:47","date_gmt":"2026-03-28T01:31:47","guid":{"rendered":"https:\/\/www.kirsehirses.com\/?p=2044"},"modified":"2026-03-28T04:31:47","modified_gmt":"2026-03-28T01:31:47","slug":"turk-dunyasi-genc-akademisyenler-kongresi-duzenlenecek","status":"publish","type":"post","link":"https:\/\/www.kirsehirses.com\/index.php\/2026\/03\/28\/turk-dunyasi-genc-akademisyenler-kongresi-duzenlenecek\/","title":{"rendered":"T\u00fcrk D\u00fcnyas\u0131 Gen\u00e7 Akademisyenler Kongresi D\u00fczenlenecek"},"content":{"rendered":"<p><strong>T\u00fcrk D\u00fcnyas\u0131 Gen\u00e7 Akademisyenler Kongresi D\u00fczenlenecek<\/strong><\/p>\n<p>T\u00fcrk d\u00fcnyas\u0131ndan gen\u00e7 akademisyenleri bir araya getirecek olan III. Uluslararas\u0131 T\u00fcrk D\u00fcnyas\u0131 Gen\u00e7 Akademisyenler Kongresi, 10-13 May\u0131s 2026 tarihleri aras\u0131nda Azerbaycan\u2019da ger\u00e7ekle\u015ftirilecek.<\/p>\n<p>\u201cGe\u00e7mi\u015fin Miras\u0131, Gelece\u011fin \u0130n\u015fas\u0131\u201d temas\u0131yla d\u00fczenlenecek kongre, farkl\u0131 disiplinlerden bilim insanlar\u0131n\u0131 bulu\u015fturmay\u0131 hedefliyor.<\/p>\n<p>Kongre; Yunus Emre Enstit\u00fcs\u00fc, T\u0130KA, YTB, T\u00fcrkiye Maarif Vakf\u0131 ve Khazar University ba\u015fta olmak \u00fczere \u00e7ok say\u0131da kurumun katk\u0131lar\u0131yla organize ediliyor.<\/p>\n<p>Geni\u015f bir akademik yelpazeye sahip olan kongrede; dil ve edebiyat, e\u011fitim, ekonomi, felsefe, hukuk, ilahiyat, ileti\u015fim, k\u00fclt\u00fcr ve sanat, sosyoloji, psikoloji, siyaset ve uluslararas\u0131 ili\u015fkiler, spor, tarih, fen ve matematik bilimleri, m\u00fchendislik ve sa\u011fl\u0131k bilimleri gibi pek \u00e7ok alanda bildiriler sunulacak.<\/p>\n<p>Kongreye kat\u0131lmak isteyen akademisyenler i\u00e7in \u00f6zet g\u00f6nderiminde son tarih 20 Nisan 2026 olarak a\u00e7\u0131kland\u0131.<\/p>\n","protected":false},"excerpt":{"rendered":"<p>T\u00fcrk D\u00fcnyas\u0131 Gen\u00e7 Akademisyenler Kongresi D\u00fczenlenecek T\u00fcrk d\u00fcnyas\u0131ndan gen\u00e7 akademisyenleri bir araya getirecek olan III. Uluslararas\u0131 T\u00fcrk D\u00fcnyas\u0131 Gen\u00e7 Akademisyenler Kongresi, 10-13 May\u0131s 2026 tarihleri aras\u0131nda Azerbaycan\u2019da ger\u00e7ekle\u015ftirilecek. \u201cGe\u00e7mi\u015fin Miras\u0131, Gelece\u011fin \u0130n\u015fas\u0131\u201d temas\u0131yla d\u00fczenlenecek kongre, farkl\u0131 disiplinlerden bilim insanlar\u0131n\u0131 bulu\u015fturmay\u0131 hedefliyor. Kongre; Yunus Emre Enstit\u00fcs\u00fc, T\u0130KA, YTB, T\u00fcrkiye Maarif Vakf\u0131 ve Khazar University ba\u015fta olmak [&hellip;]<\/p>\n","protected":false},"author":1,"featured_media":2045,"comment_status":"open","ping_status":"open","sticky":false,"template":"","format":"standard","meta":{"footnotes":""},"categories":[10],"tags":[],"class_list":["post-2044","post","type-post","status-publish","format-standard","has-post-thumbnail","hentry","category-egitim"],"_links":{"self":[{"href":"https:\/\/www.kirsehirses.com\/index.php\/wp-json\/wp\/v2\/posts\/2044","targetHints":{"allow":["GET"]}}],"collection":[{"href":"https:\/\/www.kirsehirses.com\/index.php\/wp-json\/wp\/v2\/posts"}],"about":[{"href":"https:\/\/www.kirsehirses.com\/index.php\/wp-json\/wp\/v2\/types\/post"}],"author":[{"embeddable":true,"href":"https:\/\/www.kirsehirses.com\/index.php\/wp-json\/wp\/v2\/users\/1"}],"replies":[{"embeddable":true,"href":"https:\/\/www.kirsehirses.com\/index.php\/wp-json\/wp\/v2\/comments?post=2044"}],"version-history":[{"count":1,"href":"https:\/\/www.kirsehirses.com\/index.php\/wp-json\/wp\/v2\/posts\/2044\/revisions"}],"predecessor-version":[{"id":2046,"href":"https:\/\/www.kirsehirses.com\/index.php\/wp-json\/wp\/v2\/posts\/2044\/revisions\/2046"}],"wp:featuredmedia":[{"embeddable":true,"href":"https:\/\/www.kirsehirses.com\/index.php\/wp-json\/wp\/v2\/media\/2045"}],"wp:attachment":[{"href":"https:\/\/www.kirsehirses.com\/index.php\/wp-json\/wp\/v2\/media?parent=2044"}],"wp:term":[{"taxonomy":"category","embeddable":true,"href":"https:\/\/www.kirsehirses.com\/index.php\/wp-json\/wp\/v2\/categories?post=2044"},{"taxonomy":"post_tag","embeddable":true,"href":"https:\/\/www.kirsehirses.com\/index.php\/wp-json\/wp\/v2\/tags?post=2044"}],"curies":[{"name":"wp","href":"https:\/\/api.w.org\/{rel}","templated":true}]}}