{"id":2047,"date":"2026-03-28T04:33:21","date_gmt":"2026-03-28T01:33:21","guid":{"rendered":"https:\/\/www.kirsehirses.com\/?p=2047"},"modified":"2026-03-28T04:33:21","modified_gmt":"2026-03-28T01:33:21","slug":"kulturel-miras-calistayi-kirsehirde-duzenlendi","status":"publish","type":"post","link":"https:\/\/www.kirsehirses.com\/index.php\/2026\/03\/28\/kulturel-miras-calistayi-kirsehirde-duzenlendi\/","title":{"rendered":"K\u00fclt\u00fcrel Miras \u00c7al\u0131\u015ftay\u0131 K\u0131r\u015fehir\u2019de D\u00fczenlendi"},"content":{"rendered":"<p><strong>K\u00fclt\u00fcrel Miras \u00c7al\u0131\u015ftay\u0131 K\u0131r\u015fehir\u2019de D\u00fczenlendi<\/strong><\/p>\n<p>K\u0131r\u015fehir\u2019de, k\u00fclt\u00fcrel miras\u0131n korunmas\u0131 ve gen\u00e7 ku\u015faklara aktar\u0131lmas\u0131nda sivil toplumun rol\u00fcn\u00fc ele alan \u00f6nemli bir \u00e7al\u0131\u015ftay ger\u00e7ekle\u015ftirildi.<\/p>\n<p>K\u00fclt\u00fcr ve Turizm Bakanl\u0131\u011f\u0131 ile Oru\u00e7 Reis Gen\u00e7lik Derne\u011fi i\u015f birli\u011finde d\u00fczenlenen \u201cK\u00fclt\u00fcr Varl\u0131klar\u0131n\u0131n Gen\u00e7 Nesillere Tan\u0131t\u0131m\u0131nda Sivil Toplumun Rol\u00fc\u201d konulu etkinlik, K\u0131r\u015fehir Ahi Evran \u00dcniversitesi\u2019nde yap\u0131ld\u0131.<\/p>\n<p>\u00c7al\u0131\u015ftaya Gazeteci-Yazar Hac\u0131 Yak\u0131\u015f\u0131kl\u0131 konu\u015fmac\u0131 olarak kat\u0131l\u0131rken; KAE\u00dc Rekt\u00f6r\u00fc Prof. Dr. M. Kas\u0131m Karahoca\u011fil, Vali Yard\u0131mc\u0131s\u0131 \u0130smail \u00c7etinkaya, akademisyenler, kurum temsilcileri, \u00f6\u011frenciler ve \u00e7ok say\u0131da K\u0131r\u015fehirli kat\u0131ld\u0131.<\/p>\n<p>Program\u0131n a\u00e7\u0131l\u0131\u015f\u0131nda konu\u015fan Oru\u00e7 Reis Gen\u00e7lik Derne\u011fi Ba\u015fkan\u0131 Mustafa \u015ea\u015fmazt\u00fcrk, K\u0131r\u015fehir\u2019in k\u00f6kl\u00fc tarihi ve zengin k\u00fclt\u00fcrel miras\u0131yla \u00f6ne \u00e7\u0131kan \u00f6nemli \u015fehirlerden biri oldu\u011funu belirtti. \u015ea\u015fmazt\u00fcrk, \u00e7al\u0131\u015ftay\u0131n amac\u0131n\u0131n k\u00fclt\u00fcrel de\u011ferlerin korunmas\u0131, gelecek nesillere aktar\u0131lmas\u0131 ve bu s\u00fcre\u00e7te sivil toplum kurulu\u015flar\u0131n\u0131n rol\u00fcne dikkat \u00e7ekmek oldu\u011funu ifade ederek, benzer etkinlikleri T\u00fcrkiye genelinde yayg\u0131nla\u015ft\u0131rmay\u0131 hedeflediklerini s\u00f6yledi.<\/p>\n<p>Gazeteci-Yazar Hac\u0131 Yak\u0131\u015f\u0131kl\u0131 ise konu\u015fmas\u0131nda, k\u00fclt\u00fcrel miras\u0131n sadece korunmas\u0131n\u0131n yeterli olmad\u0131\u011f\u0131n\u0131, ayn\u0131 zamanda do\u011fru y\u00f6ntemlerle gen\u00e7 ku\u015faklara aktar\u0131lmas\u0131n\u0131n b\u00fcy\u00fck \u00f6nem ta\u015f\u0131d\u0131\u011f\u0131n\u0131 vurgulad\u0131. K\u0131r\u015fehir gibi T\u00fcrk k\u00fclt\u00fcr\u00fcn\u00fcn \u00f6nemli merkezlerinden birinde K\u0131r\u015fehirlilerle bulu\u015fmaktan duydu\u011fu memnuniyeti dile getiren Yak\u0131\u015f\u0131kl\u0131, bu zengin miras\u0131n gelecek nesillere aktar\u0131lmas\u0131n\u0131n millet olma bilincinin bir gere\u011fi oldu\u011funu ifade etti.<\/p>\n<p>Sivil toplum kurulu\u015flar\u0131n\u0131n bu alandaki etkisinin her ge\u00e7en g\u00fcn artt\u0131\u011f\u0131na dikkat \u00e7eken Yak\u0131\u015f\u0131kl\u0131, \u00f6zellikle yerel de\u011ferlerin ya\u015fat\u0131lmas\u0131 ve tan\u0131t\u0131lmas\u0131 noktas\u0131nda gen\u00e7lerin daha fazla s\u00fcrece dahil edilmesi gerekti\u011fini s\u00f6zlerine ekledi.<\/p>\n","protected":false},"excerpt":{"rendered":"<p>K\u00fclt\u00fcrel Miras \u00c7al\u0131\u015ftay\u0131 K\u0131r\u015fehir\u2019de D\u00fczenlendi K\u0131r\u015fehir\u2019de, k\u00fclt\u00fcrel miras\u0131n korunmas\u0131 ve gen\u00e7 ku\u015faklara aktar\u0131lmas\u0131nda sivil toplumun rol\u00fcn\u00fc ele alan \u00f6nemli bir \u00e7al\u0131\u015ftay ger\u00e7ekle\u015ftirildi. K\u00fclt\u00fcr ve Turizm Bakanl\u0131\u011f\u0131 ile Oru\u00e7 Reis Gen\u00e7lik Derne\u011fi i\u015f birli\u011finde d\u00fczenlenen \u201cK\u00fclt\u00fcr Varl\u0131klar\u0131n\u0131n Gen\u00e7 Nesillere Tan\u0131t\u0131m\u0131nda Sivil Toplumun Rol\u00fc\u201d konulu etkinlik, K\u0131r\u015fehir Ahi Evran \u00dcniversitesi\u2019nde yap\u0131ld\u0131. \u00c7al\u0131\u015ftaya Gazeteci-Yazar Hac\u0131 Yak\u0131\u015f\u0131kl\u0131 konu\u015fmac\u0131 olarak [&hellip;]<\/p>\n","protected":false},"author":1,"featured_media":2048,"comment_status":"open","ping_status":"open","sticky":false,"template":"","format":"standard","meta":{"footnotes":""},"categories":[8],"tags":[],"class_list":["post-2047","post","type-post","status-publish","format-standard","has-post-thumbnail","hentry","category-kirsehir"],"_links":{"self":[{"href":"https:\/\/www.kirsehirses.com\/index.php\/wp-json\/wp\/v2\/posts\/2047","targetHints":{"allow":["GET"]}}],"collection":[{"href":"https:\/\/www.kirsehirses.com\/index.php\/wp-json\/wp\/v2\/posts"}],"about":[{"href":"https:\/\/www.kirsehirses.com\/index.php\/wp-json\/wp\/v2\/types\/post"}],"author":[{"embeddable":true,"href":"https:\/\/www.kirsehirses.com\/index.php\/wp-json\/wp\/v2\/users\/1"}],"replies":[{"embeddable":true,"href":"https:\/\/www.kirsehirses.com\/index.php\/wp-json\/wp\/v2\/comments?post=2047"}],"version-history":[{"count":1,"href":"https:\/\/www.kirsehirses.com\/index.php\/wp-json\/wp\/v2\/posts\/2047\/revisions"}],"predecessor-version":[{"id":2049,"href":"https:\/\/www.kirsehirses.com\/index.php\/wp-json\/wp\/v2\/posts\/2047\/revisions\/2049"}],"wp:featuredmedia":[{"embeddable":true,"href":"https:\/\/www.kirsehirses.com\/index.php\/wp-json\/wp\/v2\/media\/2048"}],"wp:attachment":[{"href":"https:\/\/www.kirsehirses.com\/index.php\/wp-json\/wp\/v2\/media?parent=2047"}],"wp:term":[{"taxonomy":"category","embeddable":true,"href":"https:\/\/www.kirsehirses.com\/index.php\/wp-json\/wp\/v2\/categories?post=2047"},{"taxonomy":"post_tag","embeddable":true,"href":"https:\/\/www.kirsehirses.com\/index.php\/wp-json\/wp\/v2\/tags?post=2047"}],"curies":[{"name":"wp","href":"https:\/\/api.w.org\/{rel}","templated":true}]}}