{"id":2050,"date":"2026-03-28T04:35:57","date_gmt":"2026-03-28T01:35:57","guid":{"rendered":"https:\/\/www.kirsehirses.com\/?p=2050"},"modified":"2026-03-28T04:35:57","modified_gmt":"2026-03-28T01:35:57","slug":"kirsehirde-ihtida-toreni-rus-asilli-julia-musluman-oldu","status":"publish","type":"post","link":"https:\/\/www.kirsehirses.com\/index.php\/2026\/03\/28\/kirsehirde-ihtida-toreni-rus-asilli-julia-musluman-oldu\/","title":{"rendered":"K\u0131r\u015fehir&#8217;de \u0130htida T\u00f6reni: Rus As\u0131ll\u0131 Julia M\u00fcsl\u00fcman Oldu"},"content":{"rendered":"<p><strong>K\u0131r\u015fehir&#8217;de \u0130htida T\u00f6reni: Rus As\u0131ll\u0131 Julia M\u00fcsl\u00fcman Oldu<\/strong><\/p>\n<p>K\u0131r\u015fehir\u2019de ya\u015fayan Rus as\u0131ll\u0131 Julia Hektepoba, K\u0131r\u015fehir \u0130l M\u00fcft\u00fcl\u00fc\u011f\u00fc\u2019ne ba\u015fvurarak d\u00fczenlenen ihtida merasimiyle M\u00fcsl\u00fcman oldu.<\/p>\n<p>\u0130slam dinini ara\u015ft\u0131rd\u0131ktan sonra bu karar\u0131 ald\u0131\u011f\u0131n\u0131 belirten Julia, t\u00f6rende Kelime-i \u015eehadet getirerek \u201cElif\u201d ismini ald\u0131. S\u00fcrece ili\u015fkin konu\u015fan Elif, e\u015finin ve ailesinin ya\u015fam tarz\u0131ndan etkilenerek bu karar\u0131 verdi\u011fini ifade etti.<\/p>\n<p>T\u00f6rende konu\u015fan Mustafa Tekin, \u0130slam\u2019\u0131n bar\u0131\u015f ve esenlik dini oldu\u011funu belirterek, Elif\u2019e yeni hayat\u0131nda ba\u015far\u0131lar diledi.<\/p>\n<p>Merasim sonunda Elif\u2019e \u201c\u0130htida Belgesi\u201d takdim edilirken, Diyanet \u0130\u015fleri Ba\u015fkanl\u0131\u011f\u0131 yay\u0131nlar\u0131ndan Kur\u2019an-\u0131 Kerim meali ve \u00e7e\u015fitli dini kitaplar hediye edildi.<\/p>\n","protected":false},"excerpt":{"rendered":"<p>K\u0131r\u015fehir&#8217;de \u0130htida T\u00f6reni: Rus As\u0131ll\u0131 Julia M\u00fcsl\u00fcman Oldu K\u0131r\u015fehir\u2019de ya\u015fayan Rus as\u0131ll\u0131 Julia Hektepoba, K\u0131r\u015fehir \u0130l M\u00fcft\u00fcl\u00fc\u011f\u00fc\u2019ne ba\u015fvurarak d\u00fczenlenen ihtida merasimiyle M\u00fcsl\u00fcman oldu. \u0130slam dinini ara\u015ft\u0131rd\u0131ktan sonra bu karar\u0131 ald\u0131\u011f\u0131n\u0131 belirten Julia, t\u00f6rende Kelime-i \u015eehadet getirerek \u201cElif\u201d ismini ald\u0131. S\u00fcrece ili\u015fkin konu\u015fan Elif, e\u015finin ve ailesinin ya\u015fam tarz\u0131ndan etkilenerek bu karar\u0131 verdi\u011fini ifade etti. T\u00f6rende [&hellip;]<\/p>\n","protected":false},"author":1,"featured_media":2051,"comment_status":"open","ping_status":"open","sticky":false,"template":"","format":"standard","meta":{"footnotes":""},"categories":[8],"tags":[],"class_list":["post-2050","post","type-post","status-publish","format-standard","has-post-thumbnail","hentry","category-kirsehir"],"_links":{"self":[{"href":"https:\/\/www.kirsehirses.com\/index.php\/wp-json\/wp\/v2\/posts\/2050","targetHints":{"allow":["GET"]}}],"collection":[{"href":"https:\/\/www.kirsehirses.com\/index.php\/wp-json\/wp\/v2\/posts"}],"about":[{"href":"https:\/\/www.kirsehirses.com\/index.php\/wp-json\/wp\/v2\/types\/post"}],"author":[{"embeddable":true,"href":"https:\/\/www.kirsehirses.com\/index.php\/wp-json\/wp\/v2\/users\/1"}],"replies":[{"embeddable":true,"href":"https:\/\/www.kirsehirses.com\/index.php\/wp-json\/wp\/v2\/comments?post=2050"}],"version-history":[{"count":1,"href":"https:\/\/www.kirsehirses.com\/index.php\/wp-json\/wp\/v2\/posts\/2050\/revisions"}],"predecessor-version":[{"id":2052,"href":"https:\/\/www.kirsehirses.com\/index.php\/wp-json\/wp\/v2\/posts\/2050\/revisions\/2052"}],"wp:featuredmedia":[{"embeddable":true,"href":"https:\/\/www.kirsehirses.com\/index.php\/wp-json\/wp\/v2\/media\/2051"}],"wp:attachment":[{"href":"https:\/\/www.kirsehirses.com\/index.php\/wp-json\/wp\/v2\/media?parent=2050"}],"wp:term":[{"taxonomy":"category","embeddable":true,"href":"https:\/\/www.kirsehirses.com\/index.php\/wp-json\/wp\/v2\/categories?post=2050"},{"taxonomy":"post_tag","embeddable":true,"href":"https:\/\/www.kirsehirses.com\/index.php\/wp-json\/wp\/v2\/tags?post=2050"}],"curies":[{"name":"wp","href":"https:\/\/api.w.org\/{rel}","templated":true}]}}