{"id":2057,"date":"2026-03-30T01:51:45","date_gmt":"2026-03-29T22:51:45","guid":{"rendered":"https:\/\/www.kirsehirses.com\/?p=2057"},"modified":"2026-03-30T01:51:45","modified_gmt":"2026-03-29T22:51:45","slug":"cigdem-gazetesi-50-yasinda","status":"publish","type":"post","link":"https:\/\/www.kirsehirses.com\/index.php\/2026\/03\/30\/cigdem-gazetesi-50-yasinda\/","title":{"rendered":"\u00c7i\u011fdem Gazetesi 50 Ya\u015f\u0131nda"},"content":{"rendered":"<p><strong>\u00c7i\u011fdem Gazetesi 50 Ya\u015f\u0131nda<\/strong><\/p>\n<p>K\u0131r\u015fehir\u2019in k\u00f6kl\u00fc bas\u0131n kurulu\u015flar\u0131ndan \u00c7i\u011fdem Gazetesi, kurulu\u015funun 50. y\u0131l\u0131n\u0131 kutluyor. Yar\u0131m as\u0131rl\u0131k yay\u0131n hayat\u0131yla kentin bas\u0131n tarihinde \u00f6nemli bir yer edinen gazete, ilkeli ve tarafs\u0131z habercilik anlay\u0131\u015f\u0131yla dikkat \u00e7ekiyor.<\/p>\n<p>Kuruldu\u011fu g\u00fcnden bu yana do\u011fru, d\u00fcr\u00fcst ve sorumlu habercili\u011fi ilke edinen \u00c7i\u011fdem Gazetesi, K\u0131r\u015fehir\u2019in sosyal, k\u00fclt\u00fcrel ve ekonomik geli\u015fimine katk\u0131 sunan yay\u0131nlar\u0131yla \u00f6n plana \u00e7\u0131kt\u0131. \u015eehrin g\u00fcndemini belirleyen haberleri ve kamuoyunu bilgilendirme konusundaki hassasiyetiyle geni\u015f bir okuyucu kitlesine ula\u015fmay\u0131 ba\u015fard\u0131.<\/p>\n<p>Zamanla de\u011fi\u015fen medya dinamiklerine uyum sa\u011flayarak kendini yenileyen gazete, geleneksel bas\u0131n\u0131n tecr\u00fcbesini modern habercilik anlay\u0131\u015f\u0131yla birle\u015ftirerek yay\u0131n hayat\u0131n\u0131 s\u00fcrd\u00fcr\u00fcyor.<\/p>\n<p>K\u0131r\u015fehir Ses Haber olarak, yar\u0131m as\u0131rl\u0131k k\u00f6kl\u00fc ge\u00e7mi\u015fiyle \u015fehrin sesi olan \u00c7i\u011fdem Gazetesi\u2019ne yay\u0131n hayat\u0131nda nice ba\u015far\u0131l\u0131 y\u0131llar diliyoruz.<\/p>\n","protected":false},"excerpt":{"rendered":"<p>\u00c7i\u011fdem Gazetesi 50 Ya\u015f\u0131nda K\u0131r\u015fehir\u2019in k\u00f6kl\u00fc bas\u0131n kurulu\u015flar\u0131ndan \u00c7i\u011fdem Gazetesi, kurulu\u015funun 50. y\u0131l\u0131n\u0131 kutluyor. Yar\u0131m as\u0131rl\u0131k yay\u0131n hayat\u0131yla kentin bas\u0131n tarihinde \u00f6nemli bir yer edinen gazete, ilkeli ve tarafs\u0131z habercilik anlay\u0131\u015f\u0131yla dikkat \u00e7ekiyor. Kuruldu\u011fu g\u00fcnden bu yana do\u011fru, d\u00fcr\u00fcst ve sorumlu habercili\u011fi ilke edinen \u00c7i\u011fdem Gazetesi, K\u0131r\u015fehir\u2019in sosyal, k\u00fclt\u00fcrel ve ekonomik geli\u015fimine katk\u0131 sunan yay\u0131nlar\u0131yla [&hellip;]<\/p>\n","protected":false},"author":1,"featured_media":2058,"comment_status":"open","ping_status":"open","sticky":false,"template":"","format":"standard","meta":{"footnotes":""},"categories":[8],"tags":[],"class_list":["post-2057","post","type-post","status-publish","format-standard","has-post-thumbnail","hentry","category-kirsehir"],"_links":{"self":[{"href":"https:\/\/www.kirsehirses.com\/index.php\/wp-json\/wp\/v2\/posts\/2057","targetHints":{"allow":["GET"]}}],"collection":[{"href":"https:\/\/www.kirsehirses.com\/index.php\/wp-json\/wp\/v2\/posts"}],"about":[{"href":"https:\/\/www.kirsehirses.com\/index.php\/wp-json\/wp\/v2\/types\/post"}],"author":[{"embeddable":true,"href":"https:\/\/www.kirsehirses.com\/index.php\/wp-json\/wp\/v2\/users\/1"}],"replies":[{"embeddable":true,"href":"https:\/\/www.kirsehirses.com\/index.php\/wp-json\/wp\/v2\/comments?post=2057"}],"version-history":[{"count":1,"href":"https:\/\/www.kirsehirses.com\/index.php\/wp-json\/wp\/v2\/posts\/2057\/revisions"}],"predecessor-version":[{"id":2059,"href":"https:\/\/www.kirsehirses.com\/index.php\/wp-json\/wp\/v2\/posts\/2057\/revisions\/2059"}],"wp:featuredmedia":[{"embeddable":true,"href":"https:\/\/www.kirsehirses.com\/index.php\/wp-json\/wp\/v2\/media\/2058"}],"wp:attachment":[{"href":"https:\/\/www.kirsehirses.com\/index.php\/wp-json\/wp\/v2\/media?parent=2057"}],"wp:term":[{"taxonomy":"category","embeddable":true,"href":"https:\/\/www.kirsehirses.com\/index.php\/wp-json\/wp\/v2\/categories?post=2057"},{"taxonomy":"post_tag","embeddable":true,"href":"https:\/\/www.kirsehirses.com\/index.php\/wp-json\/wp\/v2\/tags?post=2057"}],"curies":[{"name":"wp","href":"https:\/\/api.w.org\/{rel}","templated":true}]}}