{"id":2063,"date":"2026-03-30T01:58:43","date_gmt":"2026-03-29T22:58:43","guid":{"rendered":"https:\/\/www.kirsehirses.com\/?p=2063"},"modified":"2026-03-30T01:58:43","modified_gmt":"2026-03-29T22:58:43","slug":"akpinar-yazi-isleri-muduru-hayatini-kaybetti","status":"publish","type":"post","link":"https:\/\/www.kirsehirses.com\/index.php\/2026\/03\/30\/akpinar-yazi-isleri-muduru-hayatini-kaybetti\/","title":{"rendered":"Akp\u0131nar Yaz\u0131 \u0130\u015fleri M\u00fcd\u00fcr\u00fc Hayat\u0131n\u0131 Kaybetti"},"content":{"rendered":"<p><strong>Akp\u0131nar Yaz\u0131 \u0130\u015fleri M\u00fcd\u00fcr\u00fc Hayat\u0131n\u0131 Kaybetti<\/strong><\/p>\n<p>K\u0131r\u015fehir\u2019in Akp\u0131nar il\u00e7esinde Kaymakaml\u0131k Yaz\u0131 \u0130\u015fleri M\u00fcd\u00fcr\u00fc olarak g\u00f6rev yapan \u0130smail Kurt, hayat\u0131n\u0131 kaybetti.<\/p>\n<p>63 ya\u015f\u0131nda ve 3 \u00e7ocuk babas\u0131 olan, aslen Yozgat n\u00fcfusuna kay\u0131tl\u0131 \u0130smail Kurt\u2019un, bir s\u00fcredir yakaland\u0131\u011f\u0131 amans\u0131z hastal\u0131k nedeniyle tedavi g\u00f6rd\u00fc\u011f\u00fc \u00f6\u011frenildi. Yakla\u015f\u0131k 30 y\u0131ld\u0131r Akp\u0131nar\u2019da g\u00f6rev yapan Kurt, daha \u00f6nce \u0130l\u00e7e Sivil Savunma M\u00fcd\u00fcr\u00fc olarak hizmet vermi\u015f, ard\u0131ndan \u0130l\u00e7e Yaz\u0131 \u0130\u015fleri M\u00fcd\u00fcrl\u00fc\u011f\u00fc g\u00f6revine atanm\u0131\u015f ve y\u0131llard\u0131r bu g\u00f6revde bulunuyordu.<\/p>\n<p>Merhum \u0130smail Kurt i\u00e7in ikindi namaz\u0131na m\u00fcteakip Akp\u0131nar Merkez Camii\u2019nde cenaze namaz\u0131 k\u0131l\u0131nd\u0131. Kurt\u2019un naa\u015f\u0131, il\u00e7e mezarl\u0131\u011f\u0131nda topra\u011fa verildi.<\/p>\n<p>M. Sefa Demiry\u00fcrek de yay\u0131mlad\u0131\u011f\u0131 taziye mesaj\u0131nda Kurt\u2019a Allah\u2019tan rahmet, ailesine ve yak\u0131nlar\u0131na ba\u015fsa\u011fl\u0131\u011f\u0131 diledi.<\/p>\n<p>K\u0131r\u015fehir Ses Haber olarak merhuma Allah\u2019tan rahmet, kederli ailesine ve t\u00fcm yak\u0131nlar\u0131na ba\u015fsa\u011fl\u0131\u011f\u0131 dileriz.<\/p>\n","protected":false},"excerpt":{"rendered":"<p>Akp\u0131nar Yaz\u0131 \u0130\u015fleri M\u00fcd\u00fcr\u00fc Hayat\u0131n\u0131 Kaybetti K\u0131r\u015fehir\u2019in Akp\u0131nar il\u00e7esinde Kaymakaml\u0131k Yaz\u0131 \u0130\u015fleri M\u00fcd\u00fcr\u00fc olarak g\u00f6rev yapan \u0130smail Kurt, hayat\u0131n\u0131 kaybetti. 63 ya\u015f\u0131nda ve 3 \u00e7ocuk babas\u0131 olan, aslen Yozgat n\u00fcfusuna kay\u0131tl\u0131 \u0130smail Kurt\u2019un, bir s\u00fcredir yakaland\u0131\u011f\u0131 amans\u0131z hastal\u0131k nedeniyle tedavi g\u00f6rd\u00fc\u011f\u00fc \u00f6\u011frenildi. Yakla\u015f\u0131k 30 y\u0131ld\u0131r Akp\u0131nar\u2019da g\u00f6rev yapan Kurt, daha \u00f6nce \u0130l\u00e7e Sivil Savunma M\u00fcd\u00fcr\u00fc [&hellip;]<\/p>\n","protected":false},"author":1,"featured_media":2064,"comment_status":"open","ping_status":"open","sticky":false,"template":"","format":"standard","meta":{"footnotes":""},"categories":[8],"tags":[],"class_list":["post-2063","post","type-post","status-publish","format-standard","has-post-thumbnail","hentry","category-kirsehir"],"_links":{"self":[{"href":"https:\/\/www.kirsehirses.com\/index.php\/wp-json\/wp\/v2\/posts\/2063","targetHints":{"allow":["GET"]}}],"collection":[{"href":"https:\/\/www.kirsehirses.com\/index.php\/wp-json\/wp\/v2\/posts"}],"about":[{"href":"https:\/\/www.kirsehirses.com\/index.php\/wp-json\/wp\/v2\/types\/post"}],"author":[{"embeddable":true,"href":"https:\/\/www.kirsehirses.com\/index.php\/wp-json\/wp\/v2\/users\/1"}],"replies":[{"embeddable":true,"href":"https:\/\/www.kirsehirses.com\/index.php\/wp-json\/wp\/v2\/comments?post=2063"}],"version-history":[{"count":1,"href":"https:\/\/www.kirsehirses.com\/index.php\/wp-json\/wp\/v2\/posts\/2063\/revisions"}],"predecessor-version":[{"id":2065,"href":"https:\/\/www.kirsehirses.com\/index.php\/wp-json\/wp\/v2\/posts\/2063\/revisions\/2065"}],"wp:featuredmedia":[{"embeddable":true,"href":"https:\/\/www.kirsehirses.com\/index.php\/wp-json\/wp\/v2\/media\/2064"}],"wp:attachment":[{"href":"https:\/\/www.kirsehirses.com\/index.php\/wp-json\/wp\/v2\/media?parent=2063"}],"wp:term":[{"taxonomy":"category","embeddable":true,"href":"https:\/\/www.kirsehirses.com\/index.php\/wp-json\/wp\/v2\/categories?post=2063"},{"taxonomy":"post_tag","embeddable":true,"href":"https:\/\/www.kirsehirses.com\/index.php\/wp-json\/wp\/v2\/tags?post=2063"}],"curies":[{"name":"wp","href":"https:\/\/api.w.org\/{rel}","templated":true}]}}