{"id":2066,"date":"2026-03-30T02:01:21","date_gmt":"2026-03-29T23:01:21","guid":{"rendered":"https:\/\/www.kirsehirses.com\/?p=2066"},"modified":"2026-03-30T02:01:21","modified_gmt":"2026-03-29T23:01:21","slug":"akpinarda-deprem-hareketliligi-artiyor","status":"publish","type":"post","link":"https:\/\/www.kirsehirses.com\/index.php\/2026\/03\/30\/akpinarda-deprem-hareketliligi-artiyor\/","title":{"rendered":"Akp\u0131nar\u2019da Deprem Hareketlili\u011fi Art\u0131yor"},"content":{"rendered":"<p><strong>Akp\u0131nar\u2019da Deprem Hareketlili\u011fi Art\u0131yor<\/strong><\/p>\n<p>Akp\u0131nar il\u00e7esine ba\u011fl\u0131 \u00c7iftlikmehmeta\u011fa k\u00f6y\u00fc \u00e7evresinde son g\u00fcnlerde art arda meydana gelen k\u00fc\u00e7\u00fck \u00e7apl\u0131 depremler dikkat \u00e7ekiyor. Afet ve Acil Durum Y\u00f6netimi Ba\u015fkanl\u0131\u011f\u0131 (AFAD) verilerine g\u00f6re, 28 Mart g\u00fcn\u00fc saat 12.21\u2019de 1.9 b\u00fcy\u00fckl\u00fc\u011f\u00fcnde, saat 17.28\u2019de ise 2.5 b\u00fcy\u00fckl\u00fc\u011f\u00fcnde iki ayr\u0131 sars\u0131nt\u0131 kaydedildi.<\/p>\n<p>Depremlerin yerin yakla\u015f\u0131k 7 ila 10 kilometre derinli\u011finde ger\u00e7ekle\u015fti\u011fi belirlenirken, b\u00f6lgede son bir haftad\u0131r s\u00fcren hareketlilik Akp\u0131nar \u00e7evresinde sismik aktivitenin hissedilir \u015fekilde artt\u0131\u011f\u0131n\u0131 ortaya koydu.<\/p>\n<p>Uzmanlar, bu t\u00fcr d\u00fc\u015f\u00fck b\u00fcy\u00fckl\u00fckteki depremlerin tek ba\u015f\u0131na b\u00fcy\u00fck bir depremin i\u015fareti olmad\u0131\u011f\u0131n\u0131 ancak hareketlili\u011fin d\u00fczenli olarak izlenmesi gerekti\u011fini ifade ediyor.<\/p>\n<p>\u00d6te yandan, K\u0131r\u015fehir ve \u00e7evresi ge\u00e7mi\u015fte de y\u0131k\u0131c\u0131 bir depremle sars\u0131lm\u0131\u015ft\u0131. 19 Nisan 1938\u2019de Akp\u0131nar merkezli meydana gelen depremde 3 bin 860 bina y\u0131k\u0131lm\u0131\u015f, 224 ki\u015fi hayat\u0131n\u0131 kaybetmi\u015fti.<\/p>\n","protected":false},"excerpt":{"rendered":"<p>Akp\u0131nar\u2019da Deprem Hareketlili\u011fi Art\u0131yor Akp\u0131nar il\u00e7esine ba\u011fl\u0131 \u00c7iftlikmehmeta\u011fa k\u00f6y\u00fc \u00e7evresinde son g\u00fcnlerde art arda meydana gelen k\u00fc\u00e7\u00fck \u00e7apl\u0131 depremler dikkat \u00e7ekiyor. Afet ve Acil Durum Y\u00f6netimi Ba\u015fkanl\u0131\u011f\u0131 (AFAD) verilerine g\u00f6re, 28 Mart g\u00fcn\u00fc saat 12.21\u2019de 1.9 b\u00fcy\u00fckl\u00fc\u011f\u00fcnde, saat 17.28\u2019de ise 2.5 b\u00fcy\u00fckl\u00fc\u011f\u00fcnde iki ayr\u0131 sars\u0131nt\u0131 kaydedildi. Depremlerin yerin yakla\u015f\u0131k 7 ila 10 kilometre derinli\u011finde ger\u00e7ekle\u015fti\u011fi [&hellip;]<\/p>\n","protected":false},"author":1,"featured_media":2067,"comment_status":"open","ping_status":"open","sticky":false,"template":"","format":"standard","meta":{"footnotes":""},"categories":[8],"tags":[],"class_list":["post-2066","post","type-post","status-publish","format-standard","has-post-thumbnail","hentry","category-kirsehir"],"_links":{"self":[{"href":"https:\/\/www.kirsehirses.com\/index.php\/wp-json\/wp\/v2\/posts\/2066","targetHints":{"allow":["GET"]}}],"collection":[{"href":"https:\/\/www.kirsehirses.com\/index.php\/wp-json\/wp\/v2\/posts"}],"about":[{"href":"https:\/\/www.kirsehirses.com\/index.php\/wp-json\/wp\/v2\/types\/post"}],"author":[{"embeddable":true,"href":"https:\/\/www.kirsehirses.com\/index.php\/wp-json\/wp\/v2\/users\/1"}],"replies":[{"embeddable":true,"href":"https:\/\/www.kirsehirses.com\/index.php\/wp-json\/wp\/v2\/comments?post=2066"}],"version-history":[{"count":1,"href":"https:\/\/www.kirsehirses.com\/index.php\/wp-json\/wp\/v2\/posts\/2066\/revisions"}],"predecessor-version":[{"id":2068,"href":"https:\/\/www.kirsehirses.com\/index.php\/wp-json\/wp\/v2\/posts\/2066\/revisions\/2068"}],"wp:featuredmedia":[{"embeddable":true,"href":"https:\/\/www.kirsehirses.com\/index.php\/wp-json\/wp\/v2\/media\/2067"}],"wp:attachment":[{"href":"https:\/\/www.kirsehirses.com\/index.php\/wp-json\/wp\/v2\/media?parent=2066"}],"wp:term":[{"taxonomy":"category","embeddable":true,"href":"https:\/\/www.kirsehirses.com\/index.php\/wp-json\/wp\/v2\/categories?post=2066"},{"taxonomy":"post_tag","embeddable":true,"href":"https:\/\/www.kirsehirses.com\/index.php\/wp-json\/wp\/v2\/tags?post=2066"}],"curies":[{"name":"wp","href":"https:\/\/api.w.org\/{rel}","templated":true}]}}