{"id":2087,"date":"2026-03-31T03:14:03","date_gmt":"2026-03-31T00:14:03","guid":{"rendered":"https:\/\/www.kirsehirses.com\/?p=2087"},"modified":"2026-03-31T03:14:03","modified_gmt":"2026-03-31T00:14:03","slug":"ahilik-muzesi-uzerine-bir-degerlendirme","status":"publish","type":"post","link":"https:\/\/www.kirsehirses.com\/index.php\/2026\/03\/31\/ahilik-muzesi-uzerine-bir-degerlendirme\/","title":{"rendered":"AH\u0130L\u0130K M\u00dcZES\u0130 \u00dcZER\u0130NE B\u0130R DE\u011eERLEND\u0130RME"},"content":{"rendered":"<p><strong>AH\u0130L\u0130K M\u00dcZES\u0130 \u00dcZER\u0130NE B\u0130R DE\u011eERLEND\u0130RME<\/strong><\/p>\n<p><span style=\"font-weight: 400;\">K\u0131r\u015fehir\u2019de Ahilik k\u00fclt\u00fcr\u00fcn\u00fc gelecek nesillere aktarmak amac\u0131yla \u00f6nemli bir m\u00fcze hayata ge\u00e7irildi. Bu m\u00fcze, yaln\u0131zca bir yap\u0131 de\u011fil; ayn\u0131 zamanda k\u00f6kl\u00fc bir medeniyet anlay\u0131\u015f\u0131n\u0131n bug\u00fcne ta\u015f\u0131nmas\u0131 a\u00e7\u0131s\u0131ndan de\u011ferli bir ad\u0131md\u0131r. \u0130\u00e7erisinde Ahilik te\u015fkilat\u0131n\u0131 anlatan g\u00f6rsel ve yaz\u0131l\u0131 materyaller, d\u00f6nemin ya\u015fam\u0131n\u0131 yans\u0131tan dioramalar (\u00fc\u00e7 boyutlu modellemeler), esnaf k\u00fclt\u00fcr\u00fcne ait e\u015fyalar ve \u00e7e\u015fitli tarih\u00ee unsurlar yer al\u0131yor. Bu y\u00f6n\u00fcyle m\u00fcze, ge\u00e7mi\u015f ile gelecek aras\u0131nda bir k\u00f6pr\u00fc kurma iddias\u0131 ta\u015f\u0131yor.<\/span><\/p>\n<p><span style=\"font-weight: 400;\">B\u00f6ylesine k\u0131ymetli bir \u00e7al\u0131\u015fman\u0131n \u015fehrimize kazand\u0131r\u0131lm\u0131\u015f olmas\u0131 elbette takdire \u015fayand\u0131r.<\/span><\/p>\n<p><span style=\"font-weight: 400;\">Ancak her \u00f6nemli yat\u0131r\u0131m gibi bu m\u00fcze de zaman zaman ele\u015ftiriler al\u0131yor. \u00d6zellikle k\u00fclliye i\u00e7erisinde bulunan sat\u0131\u015f alanlar\u0131, m\u00fczenin i\u00e7eri\u011fi ve ad\u0131 konusunda \u00e7e\u015fitli de\u011ferlendirmeler yap\u0131l\u0131yor. M\u00fczenin i\u00e7eri\u011fiyle ilgili eksiklikler varsa, bunlar\u0131n zaman i\u00e7erisinde m\u00fcze k\u00fcrat\u00f6rleri taraf\u0131ndan giderilmesi m\u00fcmk\u00fcnd\u00fcr. Bu t\u00fcr yap\u0131lar ya\u015fayan mek\u00e2nlard\u0131r; ihtiya\u00e7 duyulduk\u00e7a geli\u015fir, zenginle\u015fir ve olgunla\u015f\u0131r.<\/span><\/p>\n<p><span style=\"font-weight: 400;\">K\u00fclliye i\u00e7erisindeki ticari alanlara ili\u015fkin g\u00f6r\u00fc\u015flerimi ise ayr\u0131 bir yaz\u0131da ele alaca\u011f\u0131m. Bu nedenle \u015fimdilik bu konuya de\u011finmiyorum.<\/span><\/p>\n<p><span style=\"font-weight: 400;\">Bu yaz\u0131da daha \u00e7ok \u015fu soruya odaklanmak istiyorum:<\/span><\/p>\n<p><span style=\"font-weight: 400;\">\u201cAhilik M\u00fczesi mi, Ahi M\u00fczesi mi?\u201d<\/span><\/p>\n<p><span style=\"font-weight: 400;\">Bu soruya sa\u011fl\u0131kl\u0131 bir cevap verebilmek i\u00e7in \u00f6ncelikle kavramlar\u0131n ne anlama geldi\u011fini do\u011fru \u015fekilde ortaya koymak gerekir.<\/span><\/p>\n<p><span style=\"font-weight: 400;\">T\u00fcrk\u00e7ede \u201cAhi\u201d, Ahilik te\u015fkilat\u0131na mensup ki\u015fiyi ifade eder. Yani bir Ah\u00ee; meslek ahlak\u0131n\u0131 benimsemi\u015f, esnaf ve zanaatk\u00e2rlar toplulu\u011funun bir \u00fcyesidir. Bu y\u00f6n\u00fcyle kavram, bireyi i\u015faret eder. Nitekim Anadolu\u2019da Ahilik te\u015fkilat\u0131n\u0131n kurucusu olarak kabul edilen Ahi Evran da bu s\u0131fatla an\u0131lmaktad\u0131r.<\/span><\/p>\n<p><span style=\"font-weight: 400;\">Buna kar\u015f\u0131l\u0131k \u201cAhilik\u201d kavram\u0131 bir ki\u015fiyi de\u011fil; bir sistemi, bir te\u015fkilat\u0131 ve k\u00f6kl\u00fc bir k\u00fclt\u00fcr\u00fc ifade eder. Ahilik; sadece bir esnaf \u00f6rg\u00fct\u00fc de\u011fildir. Ayn\u0131 zamanda d\u00fcr\u00fcst ticareti esas alan, toplumsal dayan\u0131\u015fmay\u0131 g\u00fc\u00e7lendiren, meslek ahlak\u0131n\u0131 merkeze alan ve insan yeti\u015ftirmeyi hedefleyen bir medeniyet anlay\u0131\u015f\u0131d\u0131r.<\/span><\/p>\n<p><span style=\"font-weight: 400;\">Bu y\u00f6n\u00fcyle Ahilik; ustay\u0131, \u00e7\u0131ra\u011f\u0131, esnaf\u0131, ticaret ahlak\u0131n\u0131, sosyal yard\u0131mla\u015fmay\u0131 ve \u015fehir hayat\u0131n\u0131n d\u00fczenini i\u00e7ine alan geni\u015f bir yap\u0131y\u0131 temsil eder. Yani bir ki\u015fiden \u00e7ok daha fazlas\u0131d\u0131r; bir sistemdir, bir k\u00fclt\u00fcrd\u00fcr, bir hayat bi\u00e7imidir.<\/span><\/p>\n<p><span style=\"font-weight: 400;\">Dil a\u00e7\u0131s\u0131ndan bak\u0131ld\u0131\u011f\u0131nda da bu ayr\u0131m son derece \u00f6nemlidir. T\u00fcrk\u00e7ede bir d\u00fc\u015f\u00fcnceyi, kurumu veya k\u00fclt\u00fcrel yap\u0131y\u0131 ifade eden kelimelerde \u201c-lik\u201d eki korunur. Bu, dilin yerle\u015fmi\u015f bir kural\u0131d\u0131r. Mevlevilik, Bekta\u015filik gibi \u00f6rneklerde de ayn\u0131 mant\u0131k ge\u00e7erlidir.<\/span><\/p>\n<p><span style=\"font-weight: 400;\">Dolay\u0131s\u0131yla Ahilik te\u015fkilat\u0131n\u0131n k\u00fclt\u00fcr\u00fcn\u00fc, tarihini ve de\u011ferlerini anlatan bir m\u00fcze s\u00f6z konusu oldu\u011funda \u201cAhilik M\u00fczesi\u201d ifadesi hem dil bilgisi hem de anlam a\u00e7\u0131s\u0131ndan daha do\u011fru ve daha kapsay\u0131c\u0131d\u0131r.<\/span><\/p>\n<p><span style=\"font-weight: 400;\">\u201cAhi M\u00fczesi\u201d ifadesi ise daha dar bir anlam ta\u015f\u0131r. Bu ifade, daha \u00e7ok belirli bir Ahi \u015fahsiyetini merkeze alan, tek bir ki\u015finin hayat\u0131n\u0131 anlatan mek\u00e2nlar i\u00e7in uygun olabilir. E\u011fer ortada yaln\u0131zca bir Ahi b\u00fcy\u00fc\u011f\u00fcn\u00fc konu alan bir m\u00fcze olsayd\u0131, bu isimlendirme elbette anlaml\u0131 olurdu.<\/span><\/p>\n<p><span style=\"font-weight: 400;\">Ancak K\u0131r\u015fehir\u2019de kurulan bu m\u00fcze, bir ki\u015fiyi de\u011fil; Ahili\u011fin b\u00fct\u00fcn de\u011ferlerini, gelene\u011fini ve tarihsel birikimini anlatma iddias\u0131ndad\u0131r. Bu nedenle kullan\u0131lan ismin de bu geni\u015fli\u011fi yans\u0131tmas\u0131 gerekir.<\/span><\/p>\n<p><span style=\"font-weight: 400;\">Nitekim T\u00fcrk Dil Kurumu s\u00f6zl\u00fc\u011f\u00fcnde de \u201cAhilik\u201d kavram\u0131 bir te\u015fkilat ve sistem olarak tan\u0131mlanmaktad\u0131r. Bu durum, kelimenin bir k\u00fclt\u00fcr\u00fc ve kurumsal yap\u0131y\u0131 ifade etti\u011fini a\u00e7\u0131k\u00e7a ortaya koymaktad\u0131r.<\/span><\/p>\n<p><span style=\"font-weight: 400;\">\u00d6te yandan K\u0131r\u015fehir, Ahilik k\u00fclt\u00fcr\u00fcn\u00fcn merkezlerinden biridir. B\u00f6yle bir \u015fehirde kurulan m\u00fczenin, yaln\u0131zca bir \u015fahsiyeti de\u011fil; bir medeniyet anlay\u0131\u015f\u0131n\u0131 temsil etmesi son derece do\u011fald\u0131r. Bu a\u00e7\u0131dan bak\u0131ld\u0131\u011f\u0131nda \u201cAhilik M\u00fczesi\u201d isminin tercih edilmesi yerinde ve do\u011fru bir yakla\u015f\u0131md\u0131r.<\/span><\/p>\n<p><span style=\"font-weight: 400;\">Elbette isimler zaman zaman tart\u0131\u015f\u0131labilir. Farkl\u0131 g\u00f6r\u00fc\u015fler ortaya konulabilir. Ancak dilin mant\u0131\u011f\u0131 ve kavram\u0131n kapsam\u0131 birlikte de\u011ferlendirildi\u011finde, Ahili\u011fi anlatan bir m\u00fczenin \u201cAhilik M\u00fczesi\u201d olarak adland\u0131r\u0131lmas\u0131 daha isabetli bir tercih olarak \u00f6ne \u00e7\u0131kmaktad\u0131r.<\/span><\/p>\n<p><span style=\"font-weight: 400;\">Sonu\u00e7 olarak mesele yaln\u0131zca bir isim meselesi de\u011fildir. As\u0131l mesele, Anadolu\u2019nun en k\u00f6kl\u00fc de\u011ferlerinden biri olan Ahilik k\u00fclt\u00fcr\u00fcn\u00fc do\u011fru kavramlarla ifade edebilmek ve bu miras\u0131 gelecek ku\u015faklara sa\u011fl\u0131kl\u0131 bir \u015fekilde aktarabilmektir.<\/span><\/p>\n<p><span style=\"font-weight: 400;\">\u00c7\u00fcnk\u00fc Ahilik, sadece ge\u00e7mi\u015fte kalm\u0131\u015f bir te\u015fkilat de\u011fildir. Bug\u00fcn de toplumsal hayat\u0131m\u0131za y\u00f6n verebilecek g\u00fc\u00e7l\u00fc bir ahlak, dayan\u0131\u015fma ve insan yeti\u015ftirme sistemidir.<\/span><\/p>\n<p><strong>Osman DEM\u0130R<\/strong><\/p>\n","protected":false},"excerpt":{"rendered":"<p>AH\u0130L\u0130K M\u00dcZES\u0130 \u00dcZER\u0130NE B\u0130R DE\u011eERLEND\u0130RME K\u0131r\u015fehir\u2019de Ahilik k\u00fclt\u00fcr\u00fcn\u00fc gelecek nesillere aktarmak amac\u0131yla \u00f6nemli bir m\u00fcze hayata ge\u00e7irildi. Bu m\u00fcze, yaln\u0131zca bir yap\u0131 de\u011fil; ayn\u0131 zamanda k\u00f6kl\u00fc bir medeniyet anlay\u0131\u015f\u0131n\u0131n bug\u00fcne ta\u015f\u0131nmas\u0131 a\u00e7\u0131s\u0131ndan de\u011ferli bir ad\u0131md\u0131r. \u0130\u00e7erisinde Ahilik te\u015fkilat\u0131n\u0131 anlatan g\u00f6rsel ve yaz\u0131l\u0131 materyaller, d\u00f6nemin ya\u015fam\u0131n\u0131 yans\u0131tan dioramalar (\u00fc\u00e7 boyutlu modellemeler), esnaf k\u00fclt\u00fcr\u00fcne ait e\u015fyalar ve [&hellip;]<\/p>\n","protected":false},"author":1,"featured_media":2088,"comment_status":"open","ping_status":"open","sticky":false,"template":"","format":"standard","meta":{"footnotes":""},"categories":[8],"tags":[],"class_list":["post-2087","post","type-post","status-publish","format-standard","has-post-thumbnail","hentry","category-kirsehir"],"_links":{"self":[{"href":"https:\/\/www.kirsehirses.com\/index.php\/wp-json\/wp\/v2\/posts\/2087","targetHints":{"allow":["GET"]}}],"collection":[{"href":"https:\/\/www.kirsehirses.com\/index.php\/wp-json\/wp\/v2\/posts"}],"about":[{"href":"https:\/\/www.kirsehirses.com\/index.php\/wp-json\/wp\/v2\/types\/post"}],"author":[{"embeddable":true,"href":"https:\/\/www.kirsehirses.com\/index.php\/wp-json\/wp\/v2\/users\/1"}],"replies":[{"embeddable":true,"href":"https:\/\/www.kirsehirses.com\/index.php\/wp-json\/wp\/v2\/comments?post=2087"}],"version-history":[{"count":1,"href":"https:\/\/www.kirsehirses.com\/index.php\/wp-json\/wp\/v2\/posts\/2087\/revisions"}],"predecessor-version":[{"id":2089,"href":"https:\/\/www.kirsehirses.com\/index.php\/wp-json\/wp\/v2\/posts\/2087\/revisions\/2089"}],"wp:featuredmedia":[{"embeddable":true,"href":"https:\/\/www.kirsehirses.com\/index.php\/wp-json\/wp\/v2\/media\/2088"}],"wp:attachment":[{"href":"https:\/\/www.kirsehirses.com\/index.php\/wp-json\/wp\/v2\/media?parent=2087"}],"wp:term":[{"taxonomy":"category","embeddable":true,"href":"https:\/\/www.kirsehirses.com\/index.php\/wp-json\/wp\/v2\/categories?post=2087"},{"taxonomy":"post_tag","embeddable":true,"href":"https:\/\/www.kirsehirses.com\/index.php\/wp-json\/wp\/v2\/tags?post=2087"}],"curies":[{"name":"wp","href":"https:\/\/api.w.org\/{rel}","templated":true}]}}