{"id":2093,"date":"2026-04-03T04:11:56","date_gmt":"2026-04-03T01:11:56","guid":{"rendered":"https:\/\/www.kirsehirses.com\/?p=2093"},"modified":"2026-04-03T04:11:56","modified_gmt":"2026-04-03T01:11:56","slug":"hemserimiz-ozgur-bayraktar-mhp-genel-baskan-yardimcisi-oldu","status":"publish","type":"post","link":"https:\/\/www.kirsehirses.com\/index.php\/2026\/04\/03\/hemserimiz-ozgur-bayraktar-mhp-genel-baskan-yardimcisi-oldu\/","title":{"rendered":"Hem\u015ferimiz \u00d6zg\u00fcr Bayraktar MHP Genel Ba\u015fkan Yard\u0131mc\u0131s\u0131 Oldu"},"content":{"rendered":"<p><strong>Hem\u015ferimiz \u00d6zg\u00fcr Bayraktar MHP Genel Ba\u015fkan Yard\u0131mc\u0131s\u0131 Oldu<\/strong><\/p>\n<p>MHP\u2019de \u00f6nemli bir g\u00f6rev de\u011fi\u015fikli\u011fi ya\u015fand\u0131. \u0130zzet Ulvi Y\u00f6nter\u2019in 27 Mart tarihinde istifas\u0131n\u0131n ard\u0131ndan bo\u015falan Ara\u015ft\u0131rma ve Strateji Geli\u015ftirmeden Sorumlu Genel Ba\u015fkan Yard\u0131mc\u0131l\u0131\u011f\u0131 g\u00f6revine hem\u015ferimiz \u00d6zg\u00fcr Bayraktar atand\u0131.<\/p>\n<p>MHP Genel Ba\u015fkan\u0131 Devlet Bah\u00e7eli, Y\u00f6nter\u2019in istifas\u0131n\u0131n ard\u0131ndan yapt\u0131\u011f\u0131 a\u00e7\u0131klamada parti i\u00e7erisinde herhangi bir k\u0131rg\u0131nl\u0131k bulunmad\u0131\u011f\u0131n\u0131, Y\u00f6nter\u2019in akademik \u00e7al\u0131\u015fmalar\u0131na a\u011f\u0131rl\u0131k vermek amac\u0131yla g\u00f6revinden ayr\u0131ld\u0131\u011f\u0131n\u0131 ifade etmi\u015fti.<\/p>\n<p>D\u00fcn (30 Mart 2026) MHP taraf\u0131ndan yap\u0131lan a\u00e7\u0131klamada ise Y\u00f6nter\u2019den bo\u015falan Genel Ba\u015fkan Yard\u0131mc\u0131l\u0131\u011f\u0131 g\u00f6revine hem\u015ferimiz \u00d6zg\u00fcr Bayraktar\u2019\u0131n g\u00f6revlendirildi\u011fi duyuruldu. Bayraktar daha \u00f6nce Genel Ba\u015fkan Ba\u015fdan\u0131\u015fmanl\u0131\u011f\u0131 g\u00f6revinde bulunuyordu.<\/p>\n","protected":false},"excerpt":{"rendered":"<p>Hem\u015ferimiz \u00d6zg\u00fcr Bayraktar MHP Genel Ba\u015fkan Yard\u0131mc\u0131s\u0131 Oldu MHP\u2019de \u00f6nemli bir g\u00f6rev de\u011fi\u015fikli\u011fi ya\u015fand\u0131. \u0130zzet Ulvi Y\u00f6nter\u2019in 27 Mart tarihinde istifas\u0131n\u0131n ard\u0131ndan bo\u015falan Ara\u015ft\u0131rma ve Strateji Geli\u015ftirmeden Sorumlu Genel Ba\u015fkan Yard\u0131mc\u0131l\u0131\u011f\u0131 g\u00f6revine hem\u015ferimiz \u00d6zg\u00fcr Bayraktar atand\u0131. MHP Genel Ba\u015fkan\u0131 Devlet Bah\u00e7eli, Y\u00f6nter\u2019in istifas\u0131n\u0131n ard\u0131ndan yapt\u0131\u011f\u0131 a\u00e7\u0131klamada parti i\u00e7erisinde herhangi bir k\u0131rg\u0131nl\u0131k bulunmad\u0131\u011f\u0131n\u0131, Y\u00f6nter\u2019in akademik \u00e7al\u0131\u015fmalar\u0131na [&hellip;]<\/p>\n","protected":false},"author":1,"featured_media":2094,"comment_status":"open","ping_status":"open","sticky":false,"template":"","format":"standard","meta":{"footnotes":""},"categories":[5,8,7],"tags":[],"class_list":["post-2093","post","type-post","status-publish","format-standard","has-post-thumbnail","hentry","category-gundem","category-kirsehir","category-turkiye"],"_links":{"self":[{"href":"https:\/\/www.kirsehirses.com\/index.php\/wp-json\/wp\/v2\/posts\/2093","targetHints":{"allow":["GET"]}}],"collection":[{"href":"https:\/\/www.kirsehirses.com\/index.php\/wp-json\/wp\/v2\/posts"}],"about":[{"href":"https:\/\/www.kirsehirses.com\/index.php\/wp-json\/wp\/v2\/types\/post"}],"author":[{"embeddable":true,"href":"https:\/\/www.kirsehirses.com\/index.php\/wp-json\/wp\/v2\/users\/1"}],"replies":[{"embeddable":true,"href":"https:\/\/www.kirsehirses.com\/index.php\/wp-json\/wp\/v2\/comments?post=2093"}],"version-history":[{"count":1,"href":"https:\/\/www.kirsehirses.com\/index.php\/wp-json\/wp\/v2\/posts\/2093\/revisions"}],"predecessor-version":[{"id":2095,"href":"https:\/\/www.kirsehirses.com\/index.php\/wp-json\/wp\/v2\/posts\/2093\/revisions\/2095"}],"wp:featuredmedia":[{"embeddable":true,"href":"https:\/\/www.kirsehirses.com\/index.php\/wp-json\/wp\/v2\/media\/2094"}],"wp:attachment":[{"href":"https:\/\/www.kirsehirses.com\/index.php\/wp-json\/wp\/v2\/media?parent=2093"}],"wp:term":[{"taxonomy":"category","embeddable":true,"href":"https:\/\/www.kirsehirses.com\/index.php\/wp-json\/wp\/v2\/categories?post=2093"},{"taxonomy":"post_tag","embeddable":true,"href":"https:\/\/www.kirsehirses.com\/index.php\/wp-json\/wp\/v2\/tags?post=2093"}],"curies":[{"name":"wp","href":"https:\/\/api.w.org\/{rel}","templated":true}]}}