{"id":2099,"date":"2026-04-03T04:20:30","date_gmt":"2026-04-03T01:20:30","guid":{"rendered":"https:\/\/www.kirsehirses.com\/?p=2099"},"modified":"2026-04-03T04:20:30","modified_gmt":"2026-04-03T01:20:30","slug":"kirsehir-fskda-yeni-donem-takim-ozcan-kiziltana-emanet","status":"publish","type":"post","link":"https:\/\/www.kirsehirses.com\/index.php\/2026\/04\/03\/kirsehir-fskda-yeni-donem-takim-ozcan-kiziltana-emanet\/","title":{"rendered":"K\u0131r\u015fehir FSK&#8217;da Yeni D\u00f6nem: Tak\u0131m \u00d6zcan K\u0131z\u0131ltan&#8217;a Emanet"},"content":{"rendered":"<p><strong>K\u0131r\u015fehir FSK&#8217;da Yeni D\u00f6nem: Tak\u0131m \u00d6zcan K\u0131z\u0131ltan&#8217;a Emanet<\/strong><\/p>\n<p>TFF 3. Lig 2. Grup\u2019ta m\u00fccadele eden temsilcimiz K\u0131r\u015fehir FSK, teknik direkt\u00f6r de\u011fi\u015fikli\u011fiyle yeni bir s\u00fcrece girdi.<\/p>\n<p>Ye\u015fil-beyazl\u0131 ekipte \u00dcmit Do\u011fman ile yollar\u0131n ayr\u0131lmas\u0131n\u0131n ard\u0131ndan, tak\u0131m\u0131n ba\u015f\u0131na deneyimli teknik adam \u00d6zcan K\u0131z\u0131ltan getirildi. Y\u00f6netimin, sezonun kalan b\u00f6l\u00fcm\u00fc i\u00e7in K\u0131z\u0131ltan ile anla\u015fma sa\u011flad\u0131\u011f\u0131 ve k\u0131sa s\u00fcre i\u00e7erisinde resmi imzalar\u0131n at\u0131lmas\u0131n\u0131n beklendi\u011fi \u00f6\u011frenildi.<\/p>\n<p>Ligde kritik haftalara girilirken yap\u0131lan bu de\u011fi\u015fiklik, tak\u0131m\u0131n toparlanmas\u0131 ad\u0131na \u00f6nemli bir ad\u0131m olarak de\u011ferlendiriliyor. Yeni teknik direkt\u00f6r\u00fcn, mevcut kadroyu en verimli \u015fekilde kullanarak K\u0131r\u015fehirspor\u2019u yeniden \u00e7\u0131k\u0131\u015fa ge\u00e7irmesi hedefleniyor.<\/p>\n<p>K\u0131z\u0131ltan\u2019\u0131n tak\u0131m\u0131n ba\u015f\u0131nda sahaya \u00e7\u0131kaca\u011f\u0131 ilk kar\u015f\u0131la\u015fma ise hem taraftarlar hem de futbol camias\u0131 taraf\u0131ndan yak\u0131ndan takip edilecek.<\/p>\n","protected":false},"excerpt":{"rendered":"<p>K\u0131r\u015fehir FSK&#8217;da Yeni D\u00f6nem: Tak\u0131m \u00d6zcan K\u0131z\u0131ltan&#8217;a Emanet TFF 3. Lig 2. Grup\u2019ta m\u00fccadele eden temsilcimiz K\u0131r\u015fehir FSK, teknik direkt\u00f6r de\u011fi\u015fikli\u011fiyle yeni bir s\u00fcrece girdi. Ye\u015fil-beyazl\u0131 ekipte \u00dcmit Do\u011fman ile yollar\u0131n ayr\u0131lmas\u0131n\u0131n ard\u0131ndan, tak\u0131m\u0131n ba\u015f\u0131na deneyimli teknik adam \u00d6zcan K\u0131z\u0131ltan getirildi. Y\u00f6netimin, sezonun kalan b\u00f6l\u00fcm\u00fc i\u00e7in K\u0131z\u0131ltan ile anla\u015fma sa\u011flad\u0131\u011f\u0131 ve k\u0131sa s\u00fcre i\u00e7erisinde resmi [&hellip;]<\/p>\n","protected":false},"author":1,"featured_media":2100,"comment_status":"open","ping_status":"open","sticky":false,"template":"","format":"standard","meta":{"footnotes":""},"categories":[4],"tags":[],"class_list":["post-2099","post","type-post","status-publish","format-standard","has-post-thumbnail","hentry","category-spor"],"_links":{"self":[{"href":"https:\/\/www.kirsehirses.com\/index.php\/wp-json\/wp\/v2\/posts\/2099","targetHints":{"allow":["GET"]}}],"collection":[{"href":"https:\/\/www.kirsehirses.com\/index.php\/wp-json\/wp\/v2\/posts"}],"about":[{"href":"https:\/\/www.kirsehirses.com\/index.php\/wp-json\/wp\/v2\/types\/post"}],"author":[{"embeddable":true,"href":"https:\/\/www.kirsehirses.com\/index.php\/wp-json\/wp\/v2\/users\/1"}],"replies":[{"embeddable":true,"href":"https:\/\/www.kirsehirses.com\/index.php\/wp-json\/wp\/v2\/comments?post=2099"}],"version-history":[{"count":1,"href":"https:\/\/www.kirsehirses.com\/index.php\/wp-json\/wp\/v2\/posts\/2099\/revisions"}],"predecessor-version":[{"id":2101,"href":"https:\/\/www.kirsehirses.com\/index.php\/wp-json\/wp\/v2\/posts\/2099\/revisions\/2101"}],"wp:featuredmedia":[{"embeddable":true,"href":"https:\/\/www.kirsehirses.com\/index.php\/wp-json\/wp\/v2\/media\/2100"}],"wp:attachment":[{"href":"https:\/\/www.kirsehirses.com\/index.php\/wp-json\/wp\/v2\/media?parent=2099"}],"wp:term":[{"taxonomy":"category","embeddable":true,"href":"https:\/\/www.kirsehirses.com\/index.php\/wp-json\/wp\/v2\/categories?post=2099"},{"taxonomy":"post_tag","embeddable":true,"href":"https:\/\/www.kirsehirses.com\/index.php\/wp-json\/wp\/v2\/tags?post=2099"}],"curies":[{"name":"wp","href":"https:\/\/api.w.org\/{rel}","templated":true}]}}