{"id":2102,"date":"2026-04-03T04:22:22","date_gmt":"2026-04-03T01:22:22","guid":{"rendered":"https:\/\/www.kirsehirses.com\/?p=2102"},"modified":"2026-04-03T04:22:22","modified_gmt":"2026-04-03T01:22:22","slug":"kirsehirde-7-ogrenci-hafizlik-icazetini-aldi","status":"publish","type":"post","link":"https:\/\/www.kirsehirses.com\/index.php\/2026\/04\/03\/kirsehirde-7-ogrenci-hafizlik-icazetini-aldi\/","title":{"rendered":"K\u0131r\u015fehir&#8217;de 7 \u00d6\u011frenci Haf\u0131zl\u0131k \u0130cazetini Ald\u0131"},"content":{"rendered":"<p><strong>K\u0131r\u015fehir&#8217;de 7 \u00d6\u011frenci Haf\u0131zl\u0131k \u0130cazetini Ald\u0131<\/strong><\/p>\n<p>Diyanet \u0130\u015fleri Ba\u015fkanl\u0131\u011f\u0131 taraf\u0131ndan ger\u00e7ekle\u015ftirilen Haf\u0131zl\u0131k Tespit S\u0131nav\u0131\u2019nda ba\u015far\u0131 g\u00f6steren 7 \u00f6\u011frenci, K\u0131r\u015fehir\u2019de d\u00fczenlenen t\u00f6renle haf\u0131zl\u0131k belgelerini ald\u0131.<\/p>\n<p>K\u0131r\u015fehir \u0130l M\u00fcft\u00fcl\u00fc\u011f\u00fc makam\u0131nda ger\u00e7ekle\u015ftirilen t\u00f6rende, Kur\u2019an-\u0131 Kerim\u2019i ezberleyerek \u201chaf\u0131z\u201d unvan\u0131n\u0131 kazanan \u00f6\u011frenciler, aileleri ve hocalar\u0131yla birlikte b\u00fcy\u00fck bir sevin\u00e7 ya\u015fad\u0131. Belgeler, Mustafa Tekin taraf\u0131ndan takdim edildi.<\/p>\n<p>T\u00f6rende konu\u015fan M\u00fcft\u00fc Tekin, haf\u0131zl\u0131\u011f\u0131n yaln\u0131zca ezber de\u011fil, ayn\u0131 zamanda bir ya\u015fam bi\u00e7imi oldu\u011funu vurgulayarak, Kur\u2019an\u2019\u0131n anlam\u0131n\u0131n da hayata yans\u0131t\u0131lmas\u0131 gerekti\u011fine dikkat \u00e7ekti.<\/p>\n<p>Konu\u015fmalar\u0131n ard\u0131ndan \u00f6\u011frencilere haf\u0131zl\u0131k icazet belgeleri verilirken, gen\u00e7 haf\u0131zlara e\u011fitim hayatlar\u0131nda ba\u015far\u0131 dilekleri iletildi.<\/p>\n","protected":false},"excerpt":{"rendered":"<p>K\u0131r\u015fehir&#8217;de 7 \u00d6\u011frenci Haf\u0131zl\u0131k \u0130cazetini Ald\u0131 Diyanet \u0130\u015fleri Ba\u015fkanl\u0131\u011f\u0131 taraf\u0131ndan ger\u00e7ekle\u015ftirilen Haf\u0131zl\u0131k Tespit S\u0131nav\u0131\u2019nda ba\u015far\u0131 g\u00f6steren 7 \u00f6\u011frenci, K\u0131r\u015fehir\u2019de d\u00fczenlenen t\u00f6renle haf\u0131zl\u0131k belgelerini ald\u0131. K\u0131r\u015fehir \u0130l M\u00fcft\u00fcl\u00fc\u011f\u00fc makam\u0131nda ger\u00e7ekle\u015ftirilen t\u00f6rende, Kur\u2019an-\u0131 Kerim\u2019i ezberleyerek \u201chaf\u0131z\u201d unvan\u0131n\u0131 kazanan \u00f6\u011frenciler, aileleri ve hocalar\u0131yla birlikte b\u00fcy\u00fck bir sevin\u00e7 ya\u015fad\u0131. Belgeler, Mustafa Tekin taraf\u0131ndan takdim edildi. T\u00f6rende konu\u015fan M\u00fcft\u00fc Tekin, [&hellip;]<\/p>\n","protected":false},"author":1,"featured_media":2103,"comment_status":"open","ping_status":"open","sticky":false,"template":"","format":"standard","meta":{"footnotes":""},"categories":[8],"tags":[],"class_list":["post-2102","post","type-post","status-publish","format-standard","has-post-thumbnail","hentry","category-kirsehir"],"_links":{"self":[{"href":"https:\/\/www.kirsehirses.com\/index.php\/wp-json\/wp\/v2\/posts\/2102","targetHints":{"allow":["GET"]}}],"collection":[{"href":"https:\/\/www.kirsehirses.com\/index.php\/wp-json\/wp\/v2\/posts"}],"about":[{"href":"https:\/\/www.kirsehirses.com\/index.php\/wp-json\/wp\/v2\/types\/post"}],"author":[{"embeddable":true,"href":"https:\/\/www.kirsehirses.com\/index.php\/wp-json\/wp\/v2\/users\/1"}],"replies":[{"embeddable":true,"href":"https:\/\/www.kirsehirses.com\/index.php\/wp-json\/wp\/v2\/comments?post=2102"}],"version-history":[{"count":1,"href":"https:\/\/www.kirsehirses.com\/index.php\/wp-json\/wp\/v2\/posts\/2102\/revisions"}],"predecessor-version":[{"id":2104,"href":"https:\/\/www.kirsehirses.com\/index.php\/wp-json\/wp\/v2\/posts\/2102\/revisions\/2104"}],"wp:featuredmedia":[{"embeddable":true,"href":"https:\/\/www.kirsehirses.com\/index.php\/wp-json\/wp\/v2\/media\/2103"}],"wp:attachment":[{"href":"https:\/\/www.kirsehirses.com\/index.php\/wp-json\/wp\/v2\/media?parent=2102"}],"wp:term":[{"taxonomy":"category","embeddable":true,"href":"https:\/\/www.kirsehirses.com\/index.php\/wp-json\/wp\/v2\/categories?post=2102"},{"taxonomy":"post_tag","embeddable":true,"href":"https:\/\/www.kirsehirses.com\/index.php\/wp-json\/wp\/v2\/tags?post=2102"}],"curies":[{"name":"wp","href":"https:\/\/api.w.org\/{rel}","templated":true}]}}