{"id":2185,"date":"2026-04-10T02:16:43","date_gmt":"2026-04-09T23:16:43","guid":{"rendered":"https:\/\/www.kirsehirses.com\/?p=2185"},"modified":"2026-04-10T02:16:43","modified_gmt":"2026-04-09T23:16:43","slug":"saglik-muduru-ersoydan-dunya-saglik-gunu-mesaji","status":"publish","type":"post","link":"https:\/\/www.kirsehirses.com\/index.php\/2026\/04\/10\/saglik-muduru-ersoydan-dunya-saglik-gunu-mesaji\/","title":{"rendered":"Sa\u011fl\u0131k M\u00fcd\u00fcr\u00fc Ersoy\u2019dan D\u00fcnya Sa\u011fl\u0131k G\u00fcn\u00fc Mesaj\u0131"},"content":{"rendered":"<p><strong>Sa\u011fl\u0131k M\u00fcd\u00fcr\u00fc Ersoy\u2019dan D\u00fcnya Sa\u011fl\u0131k G\u00fcn\u00fc Mesaj\u0131<\/strong><\/p>\n<p>K\u0131r\u015fehir \u0130l Sa\u011fl\u0131k M\u00fcd\u00fcr\u00fc Do\u00e7. Dr. S\u00fcleyman Ersoy, 7 Nisan D\u00fcnya Sa\u011fl\u0131k G\u00fcn\u00fc dolay\u0131s\u0131yla bir mesaj yay\u0131mlad\u0131.<\/p>\n<p>Ersoy, sa\u011fl\u0131\u011f\u0131n bireylerin en temel hakk\u0131 ve toplumlar\u0131n s\u00fcrd\u00fcr\u00fclebilir kalk\u0131nmas\u0131n\u0131n vazge\u00e7ilmez unsuru oldu\u011funu belirterek, sa\u011fl\u0131k hizmetlerine eri\u015fimin g\u00fc\u00e7lendirilmesi ile koruyucu sa\u011fl\u0131k hizmetlerinin yayg\u0131nla\u015ft\u0131r\u0131lmas\u0131n\u0131n b\u00fcy\u00fck \u00f6nem ta\u015f\u0131d\u0131\u011f\u0131n\u0131 ifade etti.<\/p>\n<p>Sa\u011fl\u0131\u011f\u0131n yaln\u0131zca hastal\u0131k ve sakatl\u0131\u011f\u0131n olmay\u0131\u015f\u0131 de\u011fil; bedenen, ruhen ve sosyal y\u00f6nden tam bir iyilik hali oldu\u011funu vurgulayan Ersoy, ya\u015fam kalitesini art\u0131rmaya y\u00f6nelik hizmetlerin her ge\u00e7en g\u00fcn geli\u015ftirildi\u011fini kaydetti.<\/p>\n<p>Mesaj\u0131nda sa\u011fl\u0131k \u00e7al\u0131\u015fanlar\u0131na da te\u015fekk\u00fcr eden Ersoy, ba\u015fta fedak\u00e2rca g\u00f6rev yapan sa\u011fl\u0131k personeli olmak \u00fczere sa\u011fl\u0131kl\u0131 bir toplum i\u00e7in emek veren herkese te\u015fekk\u00fcr etti.<\/p>\n","protected":false},"excerpt":{"rendered":"<p>Sa\u011fl\u0131k M\u00fcd\u00fcr\u00fc Ersoy\u2019dan D\u00fcnya Sa\u011fl\u0131k G\u00fcn\u00fc Mesaj\u0131 K\u0131r\u015fehir \u0130l Sa\u011fl\u0131k M\u00fcd\u00fcr\u00fc Do\u00e7. Dr. S\u00fcleyman Ersoy, 7 Nisan D\u00fcnya Sa\u011fl\u0131k G\u00fcn\u00fc dolay\u0131s\u0131yla bir mesaj yay\u0131mlad\u0131. Ersoy, sa\u011fl\u0131\u011f\u0131n bireylerin en temel hakk\u0131 ve toplumlar\u0131n s\u00fcrd\u00fcr\u00fclebilir kalk\u0131nmas\u0131n\u0131n vazge\u00e7ilmez unsuru oldu\u011funu belirterek, sa\u011fl\u0131k hizmetlerine eri\u015fimin g\u00fc\u00e7lendirilmesi ile koruyucu sa\u011fl\u0131k hizmetlerinin yayg\u0131nla\u015ft\u0131r\u0131lmas\u0131n\u0131n b\u00fcy\u00fck \u00f6nem ta\u015f\u0131d\u0131\u011f\u0131n\u0131 ifade etti. Sa\u011fl\u0131\u011f\u0131n yaln\u0131zca hastal\u0131k [&hellip;]<\/p>\n","protected":false},"author":1,"featured_media":2186,"comment_status":"open","ping_status":"open","sticky":false,"template":"","format":"standard","meta":{"footnotes":""},"categories":[11],"tags":[],"class_list":["post-2185","post","type-post","status-publish","format-standard","has-post-thumbnail","hentry","category-saglik"],"_links":{"self":[{"href":"https:\/\/www.kirsehirses.com\/index.php\/wp-json\/wp\/v2\/posts\/2185","targetHints":{"allow":["GET"]}}],"collection":[{"href":"https:\/\/www.kirsehirses.com\/index.php\/wp-json\/wp\/v2\/posts"}],"about":[{"href":"https:\/\/www.kirsehirses.com\/index.php\/wp-json\/wp\/v2\/types\/post"}],"author":[{"embeddable":true,"href":"https:\/\/www.kirsehirses.com\/index.php\/wp-json\/wp\/v2\/users\/1"}],"replies":[{"embeddable":true,"href":"https:\/\/www.kirsehirses.com\/index.php\/wp-json\/wp\/v2\/comments?post=2185"}],"version-history":[{"count":1,"href":"https:\/\/www.kirsehirses.com\/index.php\/wp-json\/wp\/v2\/posts\/2185\/revisions"}],"predecessor-version":[{"id":2187,"href":"https:\/\/www.kirsehirses.com\/index.php\/wp-json\/wp\/v2\/posts\/2185\/revisions\/2187"}],"wp:featuredmedia":[{"embeddable":true,"href":"https:\/\/www.kirsehirses.com\/index.php\/wp-json\/wp\/v2\/media\/2186"}],"wp:attachment":[{"href":"https:\/\/www.kirsehirses.com\/index.php\/wp-json\/wp\/v2\/media?parent=2185"}],"wp:term":[{"taxonomy":"category","embeddable":true,"href":"https:\/\/www.kirsehirses.com\/index.php\/wp-json\/wp\/v2\/categories?post=2185"},{"taxonomy":"post_tag","embeddable":true,"href":"https:\/\/www.kirsehirses.com\/index.php\/wp-json\/wp\/v2\/tags?post=2185"}],"curies":[{"name":"wp","href":"https:\/\/api.w.org\/{rel}","templated":true}]}}