{"id":2317,"date":"2026-04-21T06:32:11","date_gmt":"2026-04-21T03:32:11","guid":{"rendered":"https:\/\/www.kirsehirses.com\/?p=2317"},"modified":"2026-04-21T06:32:11","modified_gmt":"2026-04-21T03:32:11","slug":"kaeude-gundem-ozbag-hali-minder-ve-yastik-dokumaciligi-olacak","status":"publish","type":"post","link":"https:\/\/www.kirsehirses.com\/index.php\/2026\/04\/21\/kaeude-gundem-ozbag-hali-minder-ve-yastik-dokumaciligi-olacak\/","title":{"rendered":"KAE\u00dc\u2019de G\u00fcndem: \u00d6zba\u011f Hal\u0131, Minder ve Yast\u0131k Dokumac\u0131l\u0131\u011f\u0131 Olacak"},"content":{"rendered":"<p><strong>KAE\u00dc\u2019de G\u00fcndem: \u00d6zba\u011f Hal\u0131, Minder ve Yast\u0131k Dokumac\u0131l\u0131\u011f\u0131 Olacak<\/strong><\/p>\n<p>K\u0131r\u015fehir Ahi Evran \u00dcniversitesi, unutulmaya y\u00fcz tutmu\u015f \u00d6zba\u011f Hal\u0131, Yast\u0131k ve Minderini g\u00fcndeme ta\u015f\u0131yor.<\/p>\n<p>20 Nisan 2026 Pazartesi g\u00fcn\u00fc \u00f6ne \u00e7\u0131kan etkinliklerinden biri, Ne\u015fet Erta\u015f G\u00fczel Sanatlar Fak\u00fcltesi taraf\u0131ndan d\u00fczenlenen \u201cFatma Bac\u0131\u2019n\u0131n \u0130zinde: \u00d6zba\u011f K\u0131rkitli Hal\u0131 Minder-Yast\u0131k Dokumac\u0131l\u0131\u011f\u0131\u201d ba\u015fl\u0131kl\u0131 s\u00f6yle\u015fi olacak. Etkinlikte konu\u015fmac\u0131 olarak tarih \u00f6\u011fretmeni ve somut olmayan k\u00fclt\u00fcrel miras ta\u015f\u0131y\u0131c\u0131s\u0131 Meral G\u00fcl\u00e7i\u00e7ek yer alacak. Program, saat 11.00\u2019de \u00fcniversitenin Kongre K\u00fclt\u00fcr Merkezi Fuat Sezgin Salonu\u2019nda ger\u00e7ekle\u015ftirilecek.<\/p>\n<p>Etkinlikler kapsam\u0131nda ayr\u0131ca \u201cG\u0131da G\u00fcvenilirli\u011fi Konferans\u0131\u201d ile \u201cT\u00fcm Su\u00e7 Bende Mi? T\u00fcm G\u00fc\u00e7 Bende Mi?\u201d isimli s\u00f6yle\u015fi de d\u00fczenlenecek.<\/p>\n<p>\u00dcniversite y\u00f6netimi, t\u00fcm K\u0131r\u015fehirlileri etkinliklere davet etti.<\/p>\n","protected":false},"excerpt":{"rendered":"<p>KAE\u00dc\u2019de G\u00fcndem: \u00d6zba\u011f Hal\u0131, Minder ve Yast\u0131k Dokumac\u0131l\u0131\u011f\u0131 Olacak K\u0131r\u015fehir Ahi Evran \u00dcniversitesi, unutulmaya y\u00fcz tutmu\u015f \u00d6zba\u011f Hal\u0131, Yast\u0131k ve Minderini g\u00fcndeme ta\u015f\u0131yor. 20 Nisan 2026 Pazartesi g\u00fcn\u00fc \u00f6ne \u00e7\u0131kan etkinliklerinden biri, Ne\u015fet Erta\u015f G\u00fczel Sanatlar Fak\u00fcltesi taraf\u0131ndan d\u00fczenlenen \u201cFatma Bac\u0131\u2019n\u0131n \u0130zinde: \u00d6zba\u011f K\u0131rkitli Hal\u0131 Minder-Yast\u0131k Dokumac\u0131l\u0131\u011f\u0131\u201d ba\u015fl\u0131kl\u0131 s\u00f6yle\u015fi olacak. Etkinlikte konu\u015fmac\u0131 olarak tarih \u00f6\u011fretmeni [&hellip;]<\/p>\n","protected":false},"author":1,"featured_media":2318,"comment_status":"open","ping_status":"open","sticky":false,"template":"","format":"standard","meta":{"footnotes":""},"categories":[10],"tags":[],"class_list":["post-2317","post","type-post","status-publish","format-standard","has-post-thumbnail","hentry","category-egitim"],"_links":{"self":[{"href":"https:\/\/www.kirsehirses.com\/index.php\/wp-json\/wp\/v2\/posts\/2317","targetHints":{"allow":["GET"]}}],"collection":[{"href":"https:\/\/www.kirsehirses.com\/index.php\/wp-json\/wp\/v2\/posts"}],"about":[{"href":"https:\/\/www.kirsehirses.com\/index.php\/wp-json\/wp\/v2\/types\/post"}],"author":[{"embeddable":true,"href":"https:\/\/www.kirsehirses.com\/index.php\/wp-json\/wp\/v2\/users\/1"}],"replies":[{"embeddable":true,"href":"https:\/\/www.kirsehirses.com\/index.php\/wp-json\/wp\/v2\/comments?post=2317"}],"version-history":[{"count":1,"href":"https:\/\/www.kirsehirses.com\/index.php\/wp-json\/wp\/v2\/posts\/2317\/revisions"}],"predecessor-version":[{"id":2319,"href":"https:\/\/www.kirsehirses.com\/index.php\/wp-json\/wp\/v2\/posts\/2317\/revisions\/2319"}],"wp:featuredmedia":[{"embeddable":true,"href":"https:\/\/www.kirsehirses.com\/index.php\/wp-json\/wp\/v2\/media\/2318"}],"wp:attachment":[{"href":"https:\/\/www.kirsehirses.com\/index.php\/wp-json\/wp\/v2\/media?parent=2317"}],"wp:term":[{"taxonomy":"category","embeddable":true,"href":"https:\/\/www.kirsehirses.com\/index.php\/wp-json\/wp\/v2\/categories?post=2317"},{"taxonomy":"post_tag","embeddable":true,"href":"https:\/\/www.kirsehirses.com\/index.php\/wp-json\/wp\/v2\/tags?post=2317"}],"curies":[{"name":"wp","href":"https:\/\/api.w.org\/{rel}","templated":true}]}}