{"id":2339,"date":"2026-04-26T06:46:24","date_gmt":"2026-04-26T03:46:24","guid":{"rendered":"https:\/\/www.kirsehirses.com\/?p=2339"},"modified":"2026-04-26T06:46:24","modified_gmt":"2026-04-26T03:46:24","slug":"kamanli-ogrenciler-yesilay-yarismasinda-il-birincisi-oldu","status":"publish","type":"post","link":"https:\/\/www.kirsehirses.com\/index.php\/2026\/04\/26\/kamanli-ogrenciler-yesilay-yarismasinda-il-birincisi-oldu\/","title":{"rendered":"Kamanl\u0131 \u00d6\u011frenciler Ye\u015filay Yar\u0131\u015fmas\u0131nda \u0130l Birincisi Oldu"},"content":{"rendered":"<p><strong>Kamanl\u0131 \u00d6\u011frenciler Ye\u015filay Yar\u0131\u015fmas\u0131nda \u0130l Birincisi Oldu<\/strong><\/p>\n<p>Ye\u015filay taraf\u0131ndan gen\u00e7leri zararl\u0131 al\u0131\u015fkanl\u0131klardan korumak ve sa\u011fl\u0131kl\u0131 ya\u015fam bilinci a\u015f\u0131lamak amac\u0131yla T\u00fcrkiye genelinde d\u00fczenlenen &#8220;Sa\u011fl\u0131kl\u0131 Nesil Sa\u011fl\u0131kl\u0131 Gelecek&#8221; yar\u0131\u015fmas\u0131nda, Kamanl\u0131 \u00f6\u011frenciler b\u00fcy\u00fck bir ba\u015far\u0131ya imza att\u0131.<\/p>\n<p>K\u0131r\u015fehir genelinde yap\u0131lan de\u011ferlendirmeler sonucunda, resim alan\u0131nda Kaman Bilim ve Sanat Merkezi \u00f6\u011frencisi Defne ATA, edebi eser alan\u0131nda ise Kaman \u015eehit Yusuf Erdo\u011fdu Ortaokulu \u00f6\u011frencisi Ya\u011f\u0131z BOZDO\u011eAN il birincisi oldu.<\/p>\n<p>Kendi kategorilerinde zirveye yerle\u015ferek T\u00fcrkiye finallerinde K\u0131r\u015fehir\u2019i temsil etmeye hak kazanan ba\u015far\u0131l\u0131 \u00f6\u011frenciler, Kaman \u0130l\u00e7e Mill\u00ee E\u011fitim M\u00fcd\u00fcr\u00fc Halil \u0130MAN taraf\u0131ndan \u00f6d\u00fcllendirildi.<\/p>\n","protected":false},"excerpt":{"rendered":"<p>Kamanl\u0131 \u00d6\u011frenciler Ye\u015filay Yar\u0131\u015fmas\u0131nda \u0130l Birincisi Oldu Ye\u015filay taraf\u0131ndan gen\u00e7leri zararl\u0131 al\u0131\u015fkanl\u0131klardan korumak ve sa\u011fl\u0131kl\u0131 ya\u015fam bilinci a\u015f\u0131lamak amac\u0131yla T\u00fcrkiye genelinde d\u00fczenlenen &#8220;Sa\u011fl\u0131kl\u0131 Nesil Sa\u011fl\u0131kl\u0131 Gelecek&#8221; yar\u0131\u015fmas\u0131nda, Kamanl\u0131 \u00f6\u011frenciler b\u00fcy\u00fck bir ba\u015far\u0131ya imza att\u0131. K\u0131r\u015fehir genelinde yap\u0131lan de\u011ferlendirmeler sonucunda, resim alan\u0131nda Kaman Bilim ve Sanat Merkezi \u00f6\u011frencisi Defne ATA, edebi eser alan\u0131nda ise Kaman \u015eehit [&hellip;]<\/p>\n","protected":false},"author":1,"featured_media":2340,"comment_status":"open","ping_status":"open","sticky":false,"template":"","format":"standard","meta":{"footnotes":""},"categories":[8],"tags":[],"class_list":["post-2339","post","type-post","status-publish","format-standard","has-post-thumbnail","hentry","category-kirsehir"],"_links":{"self":[{"href":"https:\/\/www.kirsehirses.com\/index.php\/wp-json\/wp\/v2\/posts\/2339","targetHints":{"allow":["GET"]}}],"collection":[{"href":"https:\/\/www.kirsehirses.com\/index.php\/wp-json\/wp\/v2\/posts"}],"about":[{"href":"https:\/\/www.kirsehirses.com\/index.php\/wp-json\/wp\/v2\/types\/post"}],"author":[{"embeddable":true,"href":"https:\/\/www.kirsehirses.com\/index.php\/wp-json\/wp\/v2\/users\/1"}],"replies":[{"embeddable":true,"href":"https:\/\/www.kirsehirses.com\/index.php\/wp-json\/wp\/v2\/comments?post=2339"}],"version-history":[{"count":1,"href":"https:\/\/www.kirsehirses.com\/index.php\/wp-json\/wp\/v2\/posts\/2339\/revisions"}],"predecessor-version":[{"id":2341,"href":"https:\/\/www.kirsehirses.com\/index.php\/wp-json\/wp\/v2\/posts\/2339\/revisions\/2341"}],"wp:featuredmedia":[{"embeddable":true,"href":"https:\/\/www.kirsehirses.com\/index.php\/wp-json\/wp\/v2\/media\/2340"}],"wp:attachment":[{"href":"https:\/\/www.kirsehirses.com\/index.php\/wp-json\/wp\/v2\/media?parent=2339"}],"wp:term":[{"taxonomy":"category","embeddable":true,"href":"https:\/\/www.kirsehirses.com\/index.php\/wp-json\/wp\/v2\/categories?post=2339"},{"taxonomy":"post_tag","embeddable":true,"href":"https:\/\/www.kirsehirses.com\/index.php\/wp-json\/wp\/v2\/tags?post=2339"}],"curies":[{"name":"wp","href":"https:\/\/api.w.org\/{rel}","templated":true}]}}