{"id":2355,"date":"2026-04-26T06:51:14","date_gmt":"2026-04-26T03:51:14","guid":{"rendered":"https:\/\/www.kirsehirses.com\/?p=2355"},"modified":"2026-04-26T06:51:14","modified_gmt":"2026-04-26T03:51:14","slug":"genc-sporcularimizdan-madalya-yagmuru","status":"publish","type":"post","link":"https:\/\/www.kirsehirses.com\/index.php\/2026\/04\/26\/genc-sporcularimizdan-madalya-yagmuru\/","title":{"rendered":"Gen\u00e7 Sporcular\u0131m\u0131zdan Madalya Ya\u011fmuru"},"content":{"rendered":"<p><strong>Gen\u00e7 Sporcular\u0131m\u0131zdan Madalya Ya\u011fmuru<\/strong><\/p>\n<p>Mu\u011fla\u2019n\u0131n Fethiye il\u00e7esinde 17-21 Nisan 2026 tarihleri aras\u0131nda d\u00fczenlenen 23 Nisan Ulusal Egemenlik ve \u00c7ocuk Bayram\u0131 Uluslararas\u0131 Judo Turnuvas\u0131nda K\u0131r\u015fehirli sporcular\u0131m\u0131z b\u00fcy\u00fck ba\u015far\u0131 elde etti.<\/p>\n<p>11 farkl\u0131 \u00fclkeden toplam 700 sporcunun kat\u0131l\u0131m\u0131yla ger\u00e7ekle\u015fen dev organizasyonda, ilimizi temsil eden judocular\u0131m\u0131z sergiledikleri \u00fcst\u00fcn performansla turnuvaya damga vurdu.<\/p>\n<p>Uluslararas\u0131 arenada rakiplerine kar\u015f\u0131 azimle m\u00fccadele eden sporcular\u0131m\u0131zdan Raperin Ekmek\u00e7i alt\u0131n madalya kazanarak birinci olurken; Rabia Do\u011fan ve Ay\u015feg\u00fcl Ay\u0131k g\u00fcm\u00fc\u015f madalya ile ikinci, Hatice Do\u011fan, Tu\u011f\u00e7e D\u00f6nmez, Eren \u00d6zt\u00fcrk ve Elif Ero\u011flu ise bronz madalya ile \u00fc\u00e7\u00fcnc\u00fc olarak k\u00fcrs\u00fcde yer ald\u0131lar.<\/p>\n<p>Elde ettikleri ba\u015far\u0131lar\u0131ndan dolay\u0131 sporcular\u0131m\u0131z\u0131 tebrik ediyoruz.<\/p>\n","protected":false},"excerpt":{"rendered":"<p>Gen\u00e7 Sporcular\u0131m\u0131zdan Madalya Ya\u011fmuru Mu\u011fla\u2019n\u0131n Fethiye il\u00e7esinde 17-21 Nisan 2026 tarihleri aras\u0131nda d\u00fczenlenen 23 Nisan Ulusal Egemenlik ve \u00c7ocuk Bayram\u0131 Uluslararas\u0131 Judo Turnuvas\u0131nda K\u0131r\u015fehirli sporcular\u0131m\u0131z b\u00fcy\u00fck ba\u015far\u0131 elde etti. 11 farkl\u0131 \u00fclkeden toplam 700 sporcunun kat\u0131l\u0131m\u0131yla ger\u00e7ekle\u015fen dev organizasyonda, ilimizi temsil eden judocular\u0131m\u0131z sergiledikleri \u00fcst\u00fcn performansla turnuvaya damga vurdu. Uluslararas\u0131 arenada rakiplerine kar\u015f\u0131 azimle m\u00fccadele [&hellip;]<\/p>\n","protected":false},"author":1,"featured_media":2356,"comment_status":"open","ping_status":"open","sticky":false,"template":"","format":"standard","meta":{"footnotes":""},"categories":[4],"tags":[],"class_list":["post-2355","post","type-post","status-publish","format-standard","has-post-thumbnail","hentry","category-spor"],"_links":{"self":[{"href":"https:\/\/www.kirsehirses.com\/index.php\/wp-json\/wp\/v2\/posts\/2355","targetHints":{"allow":["GET"]}}],"collection":[{"href":"https:\/\/www.kirsehirses.com\/index.php\/wp-json\/wp\/v2\/posts"}],"about":[{"href":"https:\/\/www.kirsehirses.com\/index.php\/wp-json\/wp\/v2\/types\/post"}],"author":[{"embeddable":true,"href":"https:\/\/www.kirsehirses.com\/index.php\/wp-json\/wp\/v2\/users\/1"}],"replies":[{"embeddable":true,"href":"https:\/\/www.kirsehirses.com\/index.php\/wp-json\/wp\/v2\/comments?post=2355"}],"version-history":[{"count":1,"href":"https:\/\/www.kirsehirses.com\/index.php\/wp-json\/wp\/v2\/posts\/2355\/revisions"}],"predecessor-version":[{"id":2357,"href":"https:\/\/www.kirsehirses.com\/index.php\/wp-json\/wp\/v2\/posts\/2355\/revisions\/2357"}],"wp:featuredmedia":[{"embeddable":true,"href":"https:\/\/www.kirsehirses.com\/index.php\/wp-json\/wp\/v2\/media\/2356"}],"wp:attachment":[{"href":"https:\/\/www.kirsehirses.com\/index.php\/wp-json\/wp\/v2\/media?parent=2355"}],"wp:term":[{"taxonomy":"category","embeddable":true,"href":"https:\/\/www.kirsehirses.com\/index.php\/wp-json\/wp\/v2\/categories?post=2355"},{"taxonomy":"post_tag","embeddable":true,"href":"https:\/\/www.kirsehirses.com\/index.php\/wp-json\/wp\/v2\/tags?post=2355"}],"curies":[{"name":"wp","href":"https:\/\/api.w.org\/{rel}","templated":true}]}}