{"id":2358,"date":"2026-04-26T06:51:57","date_gmt":"2026-04-26T03:51:57","guid":{"rendered":"https:\/\/www.kirsehirses.com\/?p=2358"},"modified":"2026-04-26T06:51:57","modified_gmt":"2026-04-26T03:51:57","slug":"polis-memuru-mustafa-ozduran-hayatini-kaybetti","status":"publish","type":"post","link":"https:\/\/www.kirsehirses.com\/index.php\/2026\/04\/26\/polis-memuru-mustafa-ozduran-hayatini-kaybetti\/","title":{"rendered":"Polis Memuru Mustafa \u00d6zduran Hayat\u0131n\u0131 Kaybetti"},"content":{"rendered":"<p><strong>Polis Memuru Mustafa \u00d6zduran Hayat\u0131n\u0131 Kaybetti<\/strong><\/p>\n<p>K\u0131r\u015fehir \u0130l Emniyet M\u00fcd\u00fcrl\u00fc\u011f\u00fc kadrosunda g\u00f6rev yapan polis memuru Mustafa \u00d6zduran, ge\u00e7irdi\u011fi rahats\u0131zl\u0131k sonucu ya\u015fam\u0131n\u0131 yitirdi.<\/p>\n<p>K\u0131r\u015fehir\u2019de derin \u00fcz\u00fcnt\u00fc yaratan haber, \u0130l Emniyet M\u00fcd\u00fcrl\u00fc\u011f\u00fc camias\u0131n\u0131 ve sevenlerini yasa bo\u011fdu. 38 ya\u015f\u0131nda evli ve 2 \u00e7ocuk babas\u0131 olan \u00d6zduran\u2019\u0131n rahats\u0131zl\u0131\u011f\u0131 nedeniyle bir s\u00fcredir tedavi g\u00f6rd\u00fc\u011f\u00fc \u00f6\u011frenildi.<\/p>\n<p>Koruma \u015eube M\u00fcd\u00fcrl\u00fc\u011f\u00fcnde g\u00f6revli olan merhum Mustafa \u00d6zduran i\u00e7in bug\u00fcn saat 11.00\u2019de \u0130l Emniyet M\u00fcd\u00fcrl\u00fc\u011f\u00fcnde t\u00f6ren d\u00fczenlendi. K\u0131r\u015fehir Valisi M. Sefa Demiry\u00fcrek, \u0130l Emniyet M\u00fcd\u00fcr\u00fc Mesut G\u00f6r\u00fcc\u00fc, \u0130l protokol\u00fc, ailesi ve meslekta\u015flar\u0131n\u0131n kat\u0131l\u0131m\u0131yla d\u00fczenlenen t\u00f6renin ard\u0131ndan merhumun naa\u015f\u0131 memleketine g\u00f6nderildi.<\/p>\n<p>Mustafa \u00d6zduran\u2019\u0131n cenazesi, bug\u00fcn ikindi namaz\u0131n\u0131 m\u00fcteakip k\u0131l\u0131nacak cenaze namaz\u0131n\u0131n ard\u0131ndan do\u011fum yeri olan Hac\u0131bekta\u015f il\u00e7esine ba\u011fl\u0131 A\u015fa\u011f\u0131barak k\u00f6y\u00fcnde topra\u011fa verilece\u011fi \u00f6\u011frenildi.<\/p>\n<p>K\u0131r\u015fehir Ses Haber olarak merhuma Allah&#8217;tan rahmet; kederli ailesine, yak\u0131nlar\u0131na ve t\u00fcm emniyet te\u015fkilat\u0131na ba\u015fsa\u011fl\u0131\u011f\u0131 dileriz.<\/p>\n","protected":false},"excerpt":{"rendered":"<p>Polis Memuru Mustafa \u00d6zduran Hayat\u0131n\u0131 Kaybetti K\u0131r\u015fehir \u0130l Emniyet M\u00fcd\u00fcrl\u00fc\u011f\u00fc kadrosunda g\u00f6rev yapan polis memuru Mustafa \u00d6zduran, ge\u00e7irdi\u011fi rahats\u0131zl\u0131k sonucu ya\u015fam\u0131n\u0131 yitirdi. K\u0131r\u015fehir\u2019de derin \u00fcz\u00fcnt\u00fc yaratan haber, \u0130l Emniyet M\u00fcd\u00fcrl\u00fc\u011f\u00fc camias\u0131n\u0131 ve sevenlerini yasa bo\u011fdu. 38 ya\u015f\u0131nda evli ve 2 \u00e7ocuk babas\u0131 olan \u00d6zduran\u2019\u0131n rahats\u0131zl\u0131\u011f\u0131 nedeniyle bir s\u00fcredir tedavi g\u00f6rd\u00fc\u011f\u00fc \u00f6\u011frenildi. Koruma \u015eube M\u00fcd\u00fcrl\u00fc\u011f\u00fcnde g\u00f6revli [&hellip;]<\/p>\n","protected":false},"author":1,"featured_media":2359,"comment_status":"open","ping_status":"open","sticky":false,"template":"","format":"standard","meta":{"footnotes":""},"categories":[8],"tags":[],"class_list":["post-2358","post","type-post","status-publish","format-standard","has-post-thumbnail","hentry","category-kirsehir"],"_links":{"self":[{"href":"https:\/\/www.kirsehirses.com\/index.php\/wp-json\/wp\/v2\/posts\/2358","targetHints":{"allow":["GET"]}}],"collection":[{"href":"https:\/\/www.kirsehirses.com\/index.php\/wp-json\/wp\/v2\/posts"}],"about":[{"href":"https:\/\/www.kirsehirses.com\/index.php\/wp-json\/wp\/v2\/types\/post"}],"author":[{"embeddable":true,"href":"https:\/\/www.kirsehirses.com\/index.php\/wp-json\/wp\/v2\/users\/1"}],"replies":[{"embeddable":true,"href":"https:\/\/www.kirsehirses.com\/index.php\/wp-json\/wp\/v2\/comments?post=2358"}],"version-history":[{"count":1,"href":"https:\/\/www.kirsehirses.com\/index.php\/wp-json\/wp\/v2\/posts\/2358\/revisions"}],"predecessor-version":[{"id":2360,"href":"https:\/\/www.kirsehirses.com\/index.php\/wp-json\/wp\/v2\/posts\/2358\/revisions\/2360"}],"wp:featuredmedia":[{"embeddable":true,"href":"https:\/\/www.kirsehirses.com\/index.php\/wp-json\/wp\/v2\/media\/2359"}],"wp:attachment":[{"href":"https:\/\/www.kirsehirses.com\/index.php\/wp-json\/wp\/v2\/media?parent=2358"}],"wp:term":[{"taxonomy":"category","embeddable":true,"href":"https:\/\/www.kirsehirses.com\/index.php\/wp-json\/wp\/v2\/categories?post=2358"},{"taxonomy":"post_tag","embeddable":true,"href":"https:\/\/www.kirsehirses.com\/index.php\/wp-json\/wp\/v2\/tags?post=2358"}],"curies":[{"name":"wp","href":"https:\/\/api.w.org\/{rel}","templated":true}]}}